{"id":117593,"date":"2025-12-26T15:16:08","date_gmt":"2025-12-26T15:16:08","guid":{"rendered":"https:\/\/www.europesays.com\/se\/117593\/"},"modified":"2025-12-26T15:16:08","modified_gmt":"2025-12-26T15:16:08","slug":"usa-och-kina-slass-om-plats-i-rymden","status":"publish","type":"post","link":"https:\/\/www.europesays.com\/se\/117593\/","title":{"rendered":"USA och Kina sl\u00e5ss om plats i rymden"},"content":{"rendered":"<p>H\u00f6gt ovanf\u00f6r jorden p\u00e5g\u00e5r en allt intensivare milit\u00e4r maktkamp mellan USA, Kina och Ryssland. Satelliter som tidigare f\u00f6ljde f\u00f6ruts\u00e4gbara banor man\u00f6vrerar nu aktivt runt varandra f\u2026<\/p>\n<p>Spacecraft operated by competing militaries are jo\u2026<\/p>\n<p>Omni \u00e4r politiskt obundna och oberoende. Vi str\u00e4var efter att ge fler perspektiv p\u00e5 nyheterna. Har du fr\u00e5gor eller synpunkter kring v\u00e5r rapportering? <a href=\"https:\/\/omni.se\/tysta-maktkampen-usa-och-kina-slass-om-plats-i-rymden\/a\/mailto:mer@omni.se\" class=\"ArticleActions_contactLink__W2F1M\" rel=\"nofollow noopener\" target=\"_blank\">Kontakta redaktionen<\/a><\/p>\n","protected":false},"excerpt":{"rendered":"H\u00f6gt ovanf\u00f6r jorden p\u00e5g\u00e5r en allt intensivare milit\u00e4r maktkamp mellan USA, Kina och Ryssland. Satelliter som tidigare f\u00f6ljde&hellip;\n","protected":false},"author":2,"featured_media":117594,"comment_status":"","ping_status":"","sticky":false,"template":"","format":"standard","meta":{"footnotes":""},"categories":[65],"tags":[2193,72,70,71,5037,34,31,33,32,30,12620],"class_list":{"0":"post-117593","1":"post","2":"type-post","3":"status-publish","4":"format-standard","5":"has-post-thumbnail","7":"category-ekonomi","8":"tag-omni-mer","9":"tag-business","10":"tag-economy","11":"tag-ekonomi","12":"tag-omni-mer-internationell-fordjupning","13":"tag-se","14":"tag-svenska","15":"tag-sverige","16":"tag-sweden","17":"tag-swedish","18":"tag-the-washington-post"},"share_on_mastodon":{"url":"https:\/\/pubeurope.com\/@se\/115786533121302503","error":""},"_links":{"self":[{"href":"https:\/\/www.europesays.com\/se\/wp-json\/wp\/v2\/posts\/117593","targetHints":{"allow":["GET"]}}],"collection":[{"href":"https:\/\/www.europesays.com\/se\/wp-json\/wp\/v2\/posts"}],"about":[{"href":"https:\/\/www.europesays.com\/se\/wp-json\/wp\/v2\/types\/post"}],"author":[{"embeddable":true,"href":"https:\/\/www.europesays.com\/se\/wp-json\/wp\/v2\/users\/2"}],"replies":[{"embeddable":true,"href":"https:\/\/www.europesays.com\/se\/wp-json\/wp\/v2\/comments?post=117593"}],"version-history":[{"count":0,"href":"https:\/\/www.europesays.com\/se\/wp-json\/wp\/v2\/posts\/117593\/revisions"}],"wp:featuredmedia":[{"embeddable":true,"href":"https:\/\/www.europesays.com\/se\/wp-json\/wp\/v2\/media\/117594"}],"wp:attachment":[{"href":"https:\/\/www.europesays.com\/se\/wp-json\/wp\/v2\/media?parent=117593"}],"wp:term":[{"taxonomy":"category","embeddable":true,"href":"https:\/\/www.europesays.com\/se\/wp-json\/wp\/v2\/categories?post=117593"},{"taxonomy":"post_tag","embeddable":true,"href":"https:\/\/www.europesays.com\/se\/wp-json\/wp\/v2\/tags?post=117593"}],"curies":[{"name":"wp","href":"https:\/\/api.w.org\/{rel}","templated":true}]}}