{"id":117598,"date":"2025-12-26T15:19:47","date_gmt":"2025-12-26T15:19:47","guid":{"rendered":"https:\/\/www.europesays.com\/se\/117598\/"},"modified":"2025-12-26T15:19:47","modified_gmt":"2025-12-26T15:19:47","slug":"svensk-domd-for-terrorism-i-ryssland-stred-for-ukraina","status":"publish","type":"post","link":"https:\/\/www.europesays.com\/se\/117598\/","title":{"rendered":"Svensk d\u00f6md f\u00f6r terrorism i Ryssland \u2013 stred f\u00f6r Ukraina"},"content":{"rendered":"<p>En svensk man som stridit f\u00f6r Ukraina har d\u00f6mts till sju \u00e5rs f\u00e4ngelse och 20 \u00e5r i straffkoloni av en rysk domstol, rapporterar TT. <\/p>\n<p>Mannen i 50-\u00e5rs\u00e5ldern har d\u00f6mts i sin fr\u00e5nvaro f\u00f6r bland annat terrorism och \u00e4r internationellt efterlyst. <\/p>\n<p>I juni d\u00f6mdes en dansk kvinna till 26 \u00e5rs f\u00e4ngelse f\u00f6r att ha stridit i den ukrainska arm\u00e9n, enligt Meduza. \u00c4ven hon d\u00f6mdes f\u00f6r terrorism, liksom en svensk man som d\u00f6mdes \u00e5r 2024 till 23 \u00e5rs f\u00e4ngelse, enligt Ekot. \u00c4ven de d\u00f6mdes i sin fr\u00e5nvaro. <\/p>\n<p>Omni \u00e4r politiskt obundna och oberoende. Vi str\u00e4var efter att ge fler perspektiv p\u00e5 nyheterna. Har du fr\u00e5gor eller synpunkter kring v\u00e5r rapportering? <a href=\"https:\/\/omni.se\/svensk-domd-for-terrorism-i-ryssland-stred-for-ukraina\/a\/mailto:redaktion@omni.se\" class=\"ArticleActions_contactLink__W2F1M\" rel=\"nofollow noopener\" target=\"_blank\">Kontakta redaktionen<\/a><\/p>\n","protected":false},"excerpt":{"rendered":"En svensk man som stridit f\u00f6r Ukraina har d\u00f6mts till sju \u00e5rs f\u00e4ngelse och 20 \u00e5r i straffkoloni&hellip;\n","protected":false},"author":2,"featured_media":117599,"comment_status":"","ping_status":"","sticky":false,"template":"","format":"standard","meta":{"footnotes":""},"categories":[5],"tags":[22,23,267,26,27,17,21,24,25,28,29,15,16,18,269,264,34,31,33,32,30,19,20,263],"class_list":{"0":"post-117598","1":"post","2":"type-post","3":"status-publish","4":"format-standard","5":"has-post-thumbnail","7":"category-rubriker","8":"tag-breaking-news","9":"tag-breakingnews","10":"tag-europa","11":"tag-featured-news","12":"tag-featurednews","13":"tag-headlines","14":"tag-huvudnyheter","15":"tag-latest-news","16":"tag-latestnews","17":"tag-main-news","18":"tag-mainnews","19":"tag-news","20":"tag-nyheter","21":"tag-rubriker","22":"tag-ryska-invasionen","23":"tag-ryssland","24":"tag-se","25":"tag-svenska","26":"tag-sverige","27":"tag-sweden","28":"tag-swedish","29":"tag-top-stories","30":"tag-topstories","31":"tag-ukraina"},"share_on_mastodon":{"url":"https:\/\/pubeurope.com\/@se\/115786548707212038","error":""},"_links":{"self":[{"href":"https:\/\/www.europesays.com\/se\/wp-json\/wp\/v2\/posts\/117598","targetHints":{"allow":["GET"]}}],"collection":[{"href":"https:\/\/www.europesays.com\/se\/wp-json\/wp\/v2\/posts"}],"about":[{"href":"https:\/\/www.europesays.com\/se\/wp-json\/wp\/v2\/types\/post"}],"author":[{"embeddable":true,"href":"https:\/\/www.europesays.com\/se\/wp-json\/wp\/v2\/users\/2"}],"replies":[{"embeddable":true,"href":"https:\/\/www.europesays.com\/se\/wp-json\/wp\/v2\/comments?post=117598"}],"version-history":[{"count":0,"href":"https:\/\/www.europesays.com\/se\/wp-json\/wp\/v2\/posts\/117598\/revisions"}],"wp:featuredmedia":[{"embeddable":true,"href":"https:\/\/www.europesays.com\/se\/wp-json\/wp\/v2\/media\/117599"}],"wp:attachment":[{"href":"https:\/\/www.europesays.com\/se\/wp-json\/wp\/v2\/media?parent=117598"}],"wp:term":[{"taxonomy":"category","embeddable":true,"href":"https:\/\/www.europesays.com\/se\/wp-json\/wp\/v2\/categories?post=117598"},{"taxonomy":"post_tag","embeddable":true,"href":"https:\/\/www.europesays.com\/se\/wp-json\/wp\/v2\/tags?post=117598"}],"curies":[{"name":"wp","href":"https:\/\/api.w.org\/{rel}","templated":true}]}}