{"id":117606,"date":"2025-12-26T15:26:39","date_gmt":"2025-12-26T15:26:39","guid":{"rendered":"https:\/\/www.europesays.com\/se\/117606\/"},"modified":"2025-12-26T15:26:39","modified_gmt":"2025-12-26T15:26:39","slug":"14-lander-fordomer-israels-nya-bosattningar-2","status":"publish","type":"post","link":"https:\/\/www.europesays.com\/se\/117606\/","title":{"rendered":"14 l\u00e4nder f\u00f6rd\u00f6mer Israels nya bos\u00e4ttningar"},"content":{"rendered":"<p>\u201dVi, staterna Belgien, Kanada, Danmark, Frankrike, Tyskland, Italien, Island, Irland, Japan, Malta, Nederl\u00e4nderna, Norge, Spanien och Storbritannien, f\u00f6rd\u00f6mer godk\u00e4nnandet fr\u00e5n Israels s\u00e4kerhetskabinett av 19 nya bos\u00e4ttningar p\u00e5 den ockuperade V\u00e4stbanken\u201d, g\u00e5r det att l\u00e4sa i ett gemensamt uttalande som offentliggjorts av det franska utrikesdepartementet.\u201dVi p\u00e5minner o<\/p>\n","protected":false},"excerpt":{"rendered":"\u201dVi, staterna Belgien, Kanada, Danmark, Frankrike, Tyskland, Italien, Island, Irland, Japan, Malta, Nederl\u00e4nderna, Norge, Spanien och Storbritannien, f\u00f6rd\u00f6mer&hellip;\n","protected":false},"author":2,"featured_media":117607,"comment_status":"","ping_status":"","sticky":false,"template":"","format":"standard","meta":{"footnotes":""},"categories":[14],"tags":[22,23,26,27,17,21,24,25,28,29,15,16,18,34,31,33,32,30,19,20,51,52,53,54],"class_list":{"0":"post-117606","1":"post","2":"type-post","3":"status-publish","4":"format-standard","5":"has-post-thumbnail","7":"category-varlden","8":"tag-breaking-news","9":"tag-breakingnews","10":"tag-featured-news","11":"tag-featurednews","12":"tag-headlines","13":"tag-huvudnyheter","14":"tag-latest-news","15":"tag-latestnews","16":"tag-main-news","17":"tag-mainnews","18":"tag-news","19":"tag-nyheter","20":"tag-rubriker","21":"tag-se","22":"tag-svenska","23":"tag-sverige","24":"tag-sweden","25":"tag-swedish","26":"tag-top-stories","27":"tag-topstories","28":"tag-varlden","29":"tag-world","30":"tag-world-news","31":"tag-worldnews"},"share_on_mastodon":{"url":"https:\/\/pubeurope.com\/@se\/115786572397205929","error":""},"_links":{"self":[{"href":"https:\/\/www.europesays.com\/se\/wp-json\/wp\/v2\/posts\/117606","targetHints":{"allow":["GET"]}}],"collection":[{"href":"https:\/\/www.europesays.com\/se\/wp-json\/wp\/v2\/posts"}],"about":[{"href":"https:\/\/www.europesays.com\/se\/wp-json\/wp\/v2\/types\/post"}],"author":[{"embeddable":true,"href":"https:\/\/www.europesays.com\/se\/wp-json\/wp\/v2\/users\/2"}],"replies":[{"embeddable":true,"href":"https:\/\/www.europesays.com\/se\/wp-json\/wp\/v2\/comments?post=117606"}],"version-history":[{"count":0,"href":"https:\/\/www.europesays.com\/se\/wp-json\/wp\/v2\/posts\/117606\/revisions"}],"wp:featuredmedia":[{"embeddable":true,"href":"https:\/\/www.europesays.com\/se\/wp-json\/wp\/v2\/media\/117607"}],"wp:attachment":[{"href":"https:\/\/www.europesays.com\/se\/wp-json\/wp\/v2\/media?parent=117606"}],"wp:term":[{"taxonomy":"category","embeddable":true,"href":"https:\/\/www.europesays.com\/se\/wp-json\/wp\/v2\/categories?post=117606"},{"taxonomy":"post_tag","embeddable":true,"href":"https:\/\/www.europesays.com\/se\/wp-json\/wp\/v2\/tags?post=117606"}],"curies":[{"name":"wp","href":"https:\/\/api.w.org\/{rel}","templated":true}]}}