{"id":117608,"date":"2025-12-26T15:27:09","date_gmt":"2025-12-26T15:27:09","guid":{"rendered":"https:\/\/www.europesays.com\/se\/117608\/"},"modified":"2025-12-26T15:27:09","modified_gmt":"2025-12-26T15:27:09","slug":"tva-bilar-i-krock-utanfor-eskilstuna-tva-personer-till-sjukhus","status":"publish","type":"post","link":"https:\/\/www.europesays.com\/se\/117608\/","title":{"rendered":"Tv\u00e5 bilar i krock utanf\u00f6r Eskilstuna \u2013 tv\u00e5 personer till sjukhus"},"content":{"rendered":"<p>Strax efter halv tre larmades r\u00e4ddningstj\u00e4nst, ambulans och polis till platsen efter att tv\u00e5 bilar kolliderat.<\/p>\n<p>\u2013 Det fanns en person i vardera bil, s\u00e4ger r\u00e4ddningstj\u00e4nstens vakthavande bef\u00e4l Micke Blomberg.<\/p>\n<p>B\u00e5da f\u00f6rdes till sjukhus med ambulans. Ingen person ska ha f\u00e5tt allvarliga skador.<\/p>\n<p>V\u00e4gen st\u00e4ngdes initialt av helt och l\u00e5nga k\u00f6er bildades.<\/p>\n<p>Polisen uppger att m\u00e5nga olyckor har intr\u00e4ffat i polisregion \u00d6st under dagen och manar bilister att ta det lugnt i trafiken.<\/p>\n<p>\u2013 Vi ser en betydande \u00f6kning av olyckor i dag och det \u00e4r viktigt att h\u00e5lla avst\u00e5nd till framf\u00f6rvarande fordon. Det \u00e4r otroligt halt, s\u00e4ger Linus Maxe.<\/p>\n","protected":false},"excerpt":{"rendered":"Strax efter halv tre larmades r\u00e4ddningstj\u00e4nst, ambulans och polis till platsen efter att tv\u00e5 bilar kolliderat. \u2013 Det&hellip;\n","protected":false},"author":2,"featured_media":793,"comment_status":"","ping_status":"","sticky":false,"template":"","format":"standard","meta":{"footnotes":""},"categories":[12],"tags":[22,23,26,27,17,21,24,25,28,29,15,16,18,34,31,33,32,30,19,20],"class_list":{"0":"post-117608","1":"post","2":"type-post","3":"status-publish","4":"format-standard","5":"has-post-thumbnail","7":"category-sverige","8":"tag-breaking-news","9":"tag-breakingnews","10":"tag-featured-news","11":"tag-featurednews","12":"tag-headlines","13":"tag-huvudnyheter","14":"tag-latest-news","15":"tag-latestnews","16":"tag-main-news","17":"tag-mainnews","18":"tag-news","19":"tag-nyheter","20":"tag-rubriker","21":"tag-se","22":"tag-svenska","23":"tag-sverige","24":"tag-sweden","25":"tag-swedish","26":"tag-top-stories","27":"tag-topstories"},"share_on_mastodon":{"url":"https:\/\/pubeurope.com\/@se\/115786576240815721","error":""},"_links":{"self":[{"href":"https:\/\/www.europesays.com\/se\/wp-json\/wp\/v2\/posts\/117608","targetHints":{"allow":["GET"]}}],"collection":[{"href":"https:\/\/www.europesays.com\/se\/wp-json\/wp\/v2\/posts"}],"about":[{"href":"https:\/\/www.europesays.com\/se\/wp-json\/wp\/v2\/types\/post"}],"author":[{"embeddable":true,"href":"https:\/\/www.europesays.com\/se\/wp-json\/wp\/v2\/users\/2"}],"replies":[{"embeddable":true,"href":"https:\/\/www.europesays.com\/se\/wp-json\/wp\/v2\/comments?post=117608"}],"version-history":[{"count":0,"href":"https:\/\/www.europesays.com\/se\/wp-json\/wp\/v2\/posts\/117608\/revisions"}],"wp:featuredmedia":[{"embeddable":true,"href":"https:\/\/www.europesays.com\/se\/wp-json\/wp\/v2\/media\/793"}],"wp:attachment":[{"href":"https:\/\/www.europesays.com\/se\/wp-json\/wp\/v2\/media?parent=117608"}],"wp:term":[{"taxonomy":"category","embeddable":true,"href":"https:\/\/www.europesays.com\/se\/wp-json\/wp\/v2\/categories?post=117608"},{"taxonomy":"post_tag","embeddable":true,"href":"https:\/\/www.europesays.com\/se\/wp-json\/wp\/v2\/tags?post=117608"}],"curies":[{"name":"wp","href":"https:\/\/api.w.org\/{rel}","templated":true}]}}