{"id":117611,"date":"2025-12-26T15:38:15","date_gmt":"2025-12-26T15:38:15","guid":{"rendered":"https:\/\/www.europesays.com\/se\/117611\/"},"modified":"2025-12-26T15:38:15","modified_gmt":"2025-12-26T15:38:15","slug":"frontalkrock-tva-personer-till-sjukhus","status":"publish","type":"post","link":"https:\/\/www.europesays.com\/se\/117611\/","title":{"rendered":"Frontalkrock \u2013 tv\u00e5 personer till sjukhus"},"content":{"rendered":"<p>SOS larmades klockan 14.41 om trafikolyckan.Den intr\u00e4ffade p\u00e5 v\u00e4g 230 i Lista utanf\u00f6r Eskilstuna. Tv\u00e5 bilar frontalkrockade. B\u00e5da bilarna hamnade p\u00e5 sidan av v\u00e4gen \u2013 och den ena bilen voltade och hamnade p\u00e5 taket.Det var ett stort r\u00e4ddningsp\u00e5drag p\u00e5 plats med polis, r\u00e4ddningstj\u00e4nst och ambulans. V\u00e4gen st\u00e4ngdes initialt av \u2013 och l\u00e5nga k\u00f6er bildades.Det \u00e4r tv\u00e5 personer <\/p>\n","protected":false},"excerpt":{"rendered":"SOS larmades klockan 14.41 om trafikolyckan.Den intr\u00e4ffade p\u00e5 v\u00e4g 230 i Lista utanf\u00f6r Eskilstuna. Tv\u00e5 bilar frontalkrockade. B\u00e5da&hellip;\n","protected":false},"author":2,"featured_media":117612,"comment_status":"","ping_status":"","sticky":false,"template":"","format":"standard","meta":{"footnotes":""},"categories":[65],"tags":[72,70,71,34,31,33,32,30],"class_list":{"0":"post-117611","1":"post","2":"type-post","3":"status-publish","4":"format-standard","5":"has-post-thumbnail","7":"category-ekonomi","8":"tag-business","9":"tag-economy","10":"tag-ekonomi","11":"tag-se","12":"tag-svenska","13":"tag-sverige","14":"tag-sweden","15":"tag-swedish"},"share_on_mastodon":{"url":"https:\/\/pubeurope.com\/@se\/115786619555437397","error":""},"_links":{"self":[{"href":"https:\/\/www.europesays.com\/se\/wp-json\/wp\/v2\/posts\/117611","targetHints":{"allow":["GET"]}}],"collection":[{"href":"https:\/\/www.europesays.com\/se\/wp-json\/wp\/v2\/posts"}],"about":[{"href":"https:\/\/www.europesays.com\/se\/wp-json\/wp\/v2\/types\/post"}],"author":[{"embeddable":true,"href":"https:\/\/www.europesays.com\/se\/wp-json\/wp\/v2\/users\/2"}],"replies":[{"embeddable":true,"href":"https:\/\/www.europesays.com\/se\/wp-json\/wp\/v2\/comments?post=117611"}],"version-history":[{"count":0,"href":"https:\/\/www.europesays.com\/se\/wp-json\/wp\/v2\/posts\/117611\/revisions"}],"wp:featuredmedia":[{"embeddable":true,"href":"https:\/\/www.europesays.com\/se\/wp-json\/wp\/v2\/media\/117612"}],"wp:attachment":[{"href":"https:\/\/www.europesays.com\/se\/wp-json\/wp\/v2\/media?parent=117611"}],"wp:term":[{"taxonomy":"category","embeddable":true,"href":"https:\/\/www.europesays.com\/se\/wp-json\/wp\/v2\/categories?post=117611"},{"taxonomy":"post_tag","embeddable":true,"href":"https:\/\/www.europesays.com\/se\/wp-json\/wp\/v2\/tags?post=117611"}],"curies":[{"name":"wp","href":"https:\/\/api.w.org\/{rel}","templated":true}]}}