{"id":117613,"date":"2025-12-26T15:39:30","date_gmt":"2025-12-26T15:39:30","guid":{"rendered":"https:\/\/www.europesays.com\/se\/117613\/"},"modified":"2025-12-26T15:39:30","modified_gmt":"2025-12-26T15:39:30","slug":"svarta-ladan-hittad-efter-flygkraschen","status":"publish","type":"post","link":"https:\/\/www.europesays.com\/se\/117613\/","title":{"rendered":"Svarta l\u00e5dan hittad efter flygkraschen"},"content":{"rendered":"<p>Planet hade \u00e5tta personer ombord \u2013 d\u00e4ribland Libyens arm\u00e9chef samt bef\u00e4lhavaren f\u00f6r landets markstyrkor. Samtliga dog i kraschen. Planets r\u00f6stinspelare och den svarta l\u00e5dan har \u00e5terfunnits.<\/p>\n<p>\u2013 Gransknings- och utv\u00e4rderingsprocessen av dessa enheter har inletts, sade Turkiets inrikesminister Ali Yerlikaya till reportrar p\u00e5 olycksplatsen.  <\/p>\n<p>Turkiets transportminister Abdulkadir Uraloglu skrev senare p\u00e5 X:<\/p>\n<p>\u201dAnalysen av r\u00f6stinspelaren och f\u00e4rdskrivaren f\u00f6r att fastst\u00e4lla orsaken till flygkraschen kommer att genomf\u00f6ras i ett neutralt land.\u201d<\/p>\n<p>Resultaten kommer att delas \u201dmed v\u00e5rt folk och hela v\u00e4rlden med full transparens\u201d, tillade han.<\/p>\n<p>Libyen \u00e4r splittrat sedan en Nato-st\u00f6dd revolt st\u00f6rtade och d\u00f6dade den l\u00e5ngvarige ledaren Muammar Gaddafi 2011. Landet \u00e4r delat mellan den FN-backade regeringen i Tripoli och bef\u00e4lhavaren Khalifa Haftars styre i \u00f6st. Turkiet st\u00f6der Tripoli men har nyligen \u00e4ven n\u00e4rmat sig Haftar.<\/p>\n","protected":false},"excerpt":{"rendered":"Planet hade \u00e5tta personer ombord \u2013 d\u00e4ribland Libyens arm\u00e9chef samt bef\u00e4lhavaren f\u00f6r landets markstyrkor. Samtliga dog i kraschen.&hellip;\n","protected":false},"author":2,"featured_media":117614,"comment_status":"","ping_status":"","sticky":false,"template":"","format":"standard","meta":{"footnotes":""},"categories":[14],"tags":[22,23,26,27,17,21,24,25,28,29,15,16,18,34,31,33,32,30,19,20,51,52,53,54],"class_list":{"0":"post-117613","1":"post","2":"type-post","3":"status-publish","4":"format-standard","5":"has-post-thumbnail","7":"category-varlden","8":"tag-breaking-news","9":"tag-breakingnews","10":"tag-featured-news","11":"tag-featurednews","12":"tag-headlines","13":"tag-huvudnyheter","14":"tag-latest-news","15":"tag-latestnews","16":"tag-main-news","17":"tag-mainnews","18":"tag-news","19":"tag-nyheter","20":"tag-rubriker","21":"tag-se","22":"tag-svenska","23":"tag-sverige","24":"tag-sweden","25":"tag-swedish","26":"tag-top-stories","27":"tag-topstories","28":"tag-varlden","29":"tag-world","30":"tag-world-news","31":"tag-worldnews"},"share_on_mastodon":{"url":"https:\/\/pubeurope.com\/@se\/115786623431061497","error":""},"_links":{"self":[{"href":"https:\/\/www.europesays.com\/se\/wp-json\/wp\/v2\/posts\/117613","targetHints":{"allow":["GET"]}}],"collection":[{"href":"https:\/\/www.europesays.com\/se\/wp-json\/wp\/v2\/posts"}],"about":[{"href":"https:\/\/www.europesays.com\/se\/wp-json\/wp\/v2\/types\/post"}],"author":[{"embeddable":true,"href":"https:\/\/www.europesays.com\/se\/wp-json\/wp\/v2\/users\/2"}],"replies":[{"embeddable":true,"href":"https:\/\/www.europesays.com\/se\/wp-json\/wp\/v2\/comments?post=117613"}],"version-history":[{"count":0,"href":"https:\/\/www.europesays.com\/se\/wp-json\/wp\/v2\/posts\/117613\/revisions"}],"wp:featuredmedia":[{"embeddable":true,"href":"https:\/\/www.europesays.com\/se\/wp-json\/wp\/v2\/media\/117614"}],"wp:attachment":[{"href":"https:\/\/www.europesays.com\/se\/wp-json\/wp\/v2\/media?parent=117613"}],"wp:term":[{"taxonomy":"category","embeddable":true,"href":"https:\/\/www.europesays.com\/se\/wp-json\/wp\/v2\/categories?post=117613"},{"taxonomy":"post_tag","embeddable":true,"href":"https:\/\/www.europesays.com\/se\/wp-json\/wp\/v2\/tags?post=117613"}],"curies":[{"name":"wp","href":"https:\/\/api.w.org\/{rel}","templated":true}]}}