{"id":117615,"date":"2025-12-26T15:40:13","date_gmt":"2025-12-26T15:40:13","guid":{"rendered":"https:\/\/www.europesays.com\/se\/117615\/"},"modified":"2025-12-26T15:40:13","modified_gmt":"2025-12-26T15:40:13","slug":"ytterligare-en-person-haktad-efter-dodsskjutningen-i-oxie","status":"publish","type":"post","link":"https:\/\/www.europesays.com\/se\/117615\/","title":{"rendered":"Ytterligare en person h\u00e4ktad efter d\u00f6dsskjutningen i Oxie"},"content":{"rendered":"<p>En man i 20-\u00e5rs\u00e5ldern fr\u00e5n Kristianstad beg\u00e4rdes under fredagen h\u00e4ktad, misst\u00e4nkt f\u00f6r medhj\u00e4lp till mord och medhj\u00e4lp till tre fall av mordf\u00f6rs\u00f6k.<\/p>\n<p>Han greps p\u00e5 eftermiddagen den 23 december.<\/p>\n<p>Under eftermiddagen p\u00e5 annandag jul kom beskedet att mannen h\u00e4ktas, sk\u00e4ligen misst\u00e4nkt f\u00f6r inblandning i skjutningen.<\/p>\n<p>Flera misst\u00e4nkta sedan tidigare<\/p>\n<p><a href=\"https:\/\/www.svt.se\/nyheter\/lokalt\/skane\/tva-personer-gripna-efter-mordet-i-oxie\" rel=\"nofollow noopener\" target=\"_blank\">F\u00f6rra helgen h\u00e4ktades tv\u00e5 kvinnor i 25-\u00e5rs\u00e5ldern<\/a>, misst\u00e4nkta f\u00f6r inblandning i mordet. Sedan tidigare \u00e4r en tolv\u00e5rig pojke misst\u00e4nkt f\u00f6r d\u00f6dsskjutningen. Han \u00e4r omh\u00e4ndertagen av socialtj\u00e4nsten.<\/p>\n<p>Det var vid 23-tiden den 12 december som en 21-\u00e5rig man hittades skjuten i en bil p\u00e5 Hindby i Malm\u00f6. Polisen tror att brottsplatsen ska ha varit i Oxie, d\u00e4r bilen ska ha beskjutits med flera skott. Mannen f\u00f6rdes till sjukhus d\u00e4r han konstaterades avliden.<\/p>\n<p>12-\u00e5ringen omh\u00e4ndertogs n\u00e4r han hoppade av ett t\u00e5g i Helsingborg efter mordet. Han ska enligt polisen ha kopplingar till det kriminella n\u00e4tverket Foxtrot.<\/p>\n","protected":false},"excerpt":{"rendered":"En man i 20-\u00e5rs\u00e5ldern fr\u00e5n Kristianstad beg\u00e4rdes under fredagen h\u00e4ktad, misst\u00e4nkt f\u00f6r medhj\u00e4lp till mord och medhj\u00e4lp till&hellip;\n","protected":false},"author":2,"featured_media":117616,"comment_status":"","ping_status":"","sticky":false,"template":"","format":"standard","meta":{"footnotes":""},"categories":[12],"tags":[22,23,26,27,17,21,24,25,28,29,15,16,18,34,31,33,32,30,19,20],"class_list":{"0":"post-117615","1":"post","2":"type-post","3":"status-publish","4":"format-standard","5":"has-post-thumbnail","7":"category-sverige","8":"tag-breaking-news","9":"tag-breakingnews","10":"tag-featured-news","11":"tag-featurednews","12":"tag-headlines","13":"tag-huvudnyheter","14":"tag-latest-news","15":"tag-latestnews","16":"tag-main-news","17":"tag-mainnews","18":"tag-news","19":"tag-nyheter","20":"tag-rubriker","21":"tag-se","22":"tag-svenska","23":"tag-sverige","24":"tag-sweden","25":"tag-swedish","26":"tag-top-stories","27":"tag-topstories"},"share_on_mastodon":{"url":"https:\/\/pubeurope.com\/@se\/115786627361839202","error":""},"_links":{"self":[{"href":"https:\/\/www.europesays.com\/se\/wp-json\/wp\/v2\/posts\/117615","targetHints":{"allow":["GET"]}}],"collection":[{"href":"https:\/\/www.europesays.com\/se\/wp-json\/wp\/v2\/posts"}],"about":[{"href":"https:\/\/www.europesays.com\/se\/wp-json\/wp\/v2\/types\/post"}],"author":[{"embeddable":true,"href":"https:\/\/www.europesays.com\/se\/wp-json\/wp\/v2\/users\/2"}],"replies":[{"embeddable":true,"href":"https:\/\/www.europesays.com\/se\/wp-json\/wp\/v2\/comments?post=117615"}],"version-history":[{"count":0,"href":"https:\/\/www.europesays.com\/se\/wp-json\/wp\/v2\/posts\/117615\/revisions"}],"wp:featuredmedia":[{"embeddable":true,"href":"https:\/\/www.europesays.com\/se\/wp-json\/wp\/v2\/media\/117616"}],"wp:attachment":[{"href":"https:\/\/www.europesays.com\/se\/wp-json\/wp\/v2\/media?parent=117615"}],"wp:term":[{"taxonomy":"category","embeddable":true,"href":"https:\/\/www.europesays.com\/se\/wp-json\/wp\/v2\/categories?post=117615"},{"taxonomy":"post_tag","embeddable":true,"href":"https:\/\/www.europesays.com\/se\/wp-json\/wp\/v2\/tags?post=117615"}],"curies":[{"name":"wp","href":"https:\/\/api.w.org\/{rel}","templated":true}]}}