{"id":117617,"date":"2025-12-26T15:43:08","date_gmt":"2025-12-26T15:43:08","guid":{"rendered":"https:\/\/www.europesays.com\/se\/117617\/"},"modified":"2025-12-26T15:43:08","modified_gmt":"2025-12-26T15:43:08","slug":"vi-kan-vinna-alla-tavlingar","status":"publish","type":"post","link":"https:\/\/www.europesays.com\/se\/117617\/","title":{"rendered":"Vi kan vinna alla t\u00e4vlingar"},"content":{"rendered":"<p><strong>Arsenal har inlett s\u00e4songen 2025\/26 str\u00e5lande. <br \/>D\u00e5 menar mittbacken William Saliba att hans lag kan kamma hem hela fyra titlar. <br \/>\u2013 Vi m\u00e5ste vara fokuserade och fortsatt tro p\u00e5 oss sj\u00e4lva, s\u00e4ger han p\u00e5 en presskonferens. <\/strong><\/p>\n<p><img loading=\"lazy\" decoding=\"async\" width=\"1024\" height=\"576\" src=\"https:\/\/www.europesays.com\/se\/wp-content\/uploads\/2025\/12\/saliba_-1024x576.jpg\" alt=\"\" class=\"wp-image-353853\"  \/>Foto: Alamy<\/p>\n<p>S\u00e4songen 2025\/2026 har b\u00f6rjat bra f\u00f6r <a href=\"https:\/\/fotbolldirekt.se\/klubb\/arsenal\/\" rel=\"nofollow noopener\" target=\"_blank\">Arsenal<\/a> som leder b\u00e5de <a href=\"https:\/\/fotbolldirekt.se\/premier-league\/\" rel=\"nofollow noopener\" target=\"_blank\">Premier League<\/a> och <a href=\"https:\/\/fotbolldirekt.se\/champions-league\/\" rel=\"nofollow noopener\" target=\"_blank\">Champions League<\/a>. D\u00e5 man \u00e4ven \u00e4r kvar i turneringarna FA-cupen och Carabo Cup har \u201dThe Gunners\u201d chans att ta hem hela fyra titlar. <\/p>\n<p>Minst en vore nog v\u00e4lkommet f\u00f6r London-klubben som inte har vunnit ligan sedan s\u00e4songen 2003\/04. Mittbacken <a href=\"https:\/\/fotbolldirekt.se\/spelare\/william-saliba\/\" rel=\"nofollow noopener\" target=\"_blank\">William Saliba<\/a> menar dock att man siktar h\u00f6gre \u00e4n s\u00e5. <\/p>\n<p>\u2013 <strong>Vi vet att vi kan vinna alla t\u00e4vlingar som vi deltar i<\/strong>. Men vi m\u00e5ste visa det p\u00e5 plan, och vi m\u00e5ste b\u00f6rja vinna titlar nu, s\u00e4ger han p\u00e5 en presskonferens och forts\u00e4tter:\u00a0<\/p>\n<p>\u2013 K\u00e4nslan \u00e4r bra just nu, men vi vet att vi fortfarande \u00e4r i december och saker g\u00e5r fort i fotboll. <strong>S\u00e5 vi m\u00e5ste vara fokuserade och fortsatt tro p\u00e5 oss sj\u00e4lva<\/strong>. Men vi m\u00e5ste \u00e4ven jobba h\u00e5rt, f\u00f6r det som betyder n\u00e5got i slut\u00e4ndan \u00e4r att man h\u00e5ller i en trof\u00e9.\u00a0<\/p>\n<p>Under l\u00f6rdagen st\u00e4lls Arsenal hemma mot Brighton i Premier Leagues 18:e omg\u00e5ng. Den franska mittbacken st\u00e5r noterad f\u00f6r spel i 153 matcher f\u00f6r klubben. <\/p>\n","protected":false},"excerpt":{"rendered":"Arsenal har inlett s\u00e4songen 2025\/26 str\u00e5lande. D\u00e5 menar mittbacken William Saliba att hans lag kan kamma hem hela&hellip;\n","protected":false},"author":2,"featured_media":117618,"comment_status":"","ping_status":"","sticky":false,"template":"","format":"standard","meta":{"footnotes":""},"categories":[68],"tags":[34,111,110,31,33,32,30],"class_list":{"0":"post-117617","1":"post","2":"type-post","3":"status-publish","4":"format-standard","5":"has-post-thumbnail","7":"category-sport","8":"tag-se","9":"tag-sport","10":"tag-sports","11":"tag-svenska","12":"tag-sverige","13":"tag-sweden","14":"tag-swedish"},"share_on_mastodon":{"url":"https:\/\/pubeurope.com\/@se\/115786639352067482","error":""},"_links":{"self":[{"href":"https:\/\/www.europesays.com\/se\/wp-json\/wp\/v2\/posts\/117617","targetHints":{"allow":["GET"]}}],"collection":[{"href":"https:\/\/www.europesays.com\/se\/wp-json\/wp\/v2\/posts"}],"about":[{"href":"https:\/\/www.europesays.com\/se\/wp-json\/wp\/v2\/types\/post"}],"author":[{"embeddable":true,"href":"https:\/\/www.europesays.com\/se\/wp-json\/wp\/v2\/users\/2"}],"replies":[{"embeddable":true,"href":"https:\/\/www.europesays.com\/se\/wp-json\/wp\/v2\/comments?post=117617"}],"version-history":[{"count":0,"href":"https:\/\/www.europesays.com\/se\/wp-json\/wp\/v2\/posts\/117617\/revisions"}],"wp:featuredmedia":[{"embeddable":true,"href":"https:\/\/www.europesays.com\/se\/wp-json\/wp\/v2\/media\/117618"}],"wp:attachment":[{"href":"https:\/\/www.europesays.com\/se\/wp-json\/wp\/v2\/media?parent=117617"}],"wp:term":[{"taxonomy":"category","embeddable":true,"href":"https:\/\/www.europesays.com\/se\/wp-json\/wp\/v2\/categories?post=117617"},{"taxonomy":"post_tag","embeddable":true,"href":"https:\/\/www.europesays.com\/se\/wp-json\/wp\/v2\/tags?post=117617"}],"curies":[{"name":"wp","href":"https:\/\/api.w.org\/{rel}","templated":true}]}}