{"id":117619,"date":"2025-12-26T15:46:08","date_gmt":"2025-12-26T15:46:08","guid":{"rendered":"https:\/\/www.europesays.com\/se\/117619\/"},"modified":"2025-12-26T15:46:08","modified_gmt":"2025-12-26T15:46:08","slug":"avvaktande-pa-wall-street-nvidia-stiger-pa-jatteaffar","status":"publish","type":"post","link":"https:\/\/www.europesays.com\/se\/117619\/","title":{"rendered":"Avvaktande p\u00e5 Wall Street \u2013 Nvidia stiger p\u00e5 j\u00e4tteaff\u00e4r"},"content":{"rendered":"<p>I den inledande annandagshandeln pendlar de ledande indexen \u2013 Dow Jones, S&amp;P 500 och Nasdaq \u2013 mellan svagt plus och svagt minus.<\/p>\n<p>Trots den lugna starten g\u00e5r den julkortade veckan mot ett starkt facit. S&amp;P 500 \u00e4r upp omkring 1,5 procent hittills i veckan, d\u00e4r fyra av de fem senaste veckorna slutat p\u00e5 plus. \u00c4ven Dow Jones och Nasdaq har stigit med drygt 1 procent. Uppg\u00e5ngarna f\u00f6ljer p\u00e5 onsdagens rekordst\u00e4ngning, d\u00e5 S&amp;P 500 noterade nya intradags- och st\u00e4ngningsh\u00f6gsta.<\/p>\n<p>Bland enskilda aktier handlas halvledarj\u00e4tten <strong>Nvidia<\/strong> upp n\u00e4ra 2 procent efter besked om att bolaget f\u00f6rv\u00e4rvar tillg\u00e5ngar fr\u00e5n AI-startupen Groq i en aff\u00e4r v\u00e4rd cirka 20 miljarder dollar \u2013 <a href=\"https:\/\/www.di.se\/nyheter\/nvidia-gor-sin-storsta-affar-nagonsin-183-miljarder\/\" rel=\"nofollow noopener\" target=\"_blank\">bolagets hittills st\u00f6rsta f\u00f6rv\u00e4rv<\/a>.<\/p>\n<p>Minneschipbolagen <strong>Sandisk<\/strong> och <strong>Micron Technology<\/strong> \u00f6ppnade upp runt 4 respektive 1,5 procent, men f\u00f6ll snabbt tillbaka till nollan efter uppgifter om att Samsung Electronics och SK Hynix planerar att h\u00f6ja priserna p\u00e5 n\u00e4sta generations h\u00f6gbandbreddsminnen med n\u00e4ra 20 procent inf\u00f6r leveranser 2026.<\/p>\n<p>Flygbolagsaktier tynger d\u00e4remot marknaden n\u00e5got. <strong>United Airlines<\/strong> och <strong>American Airlines<\/strong> handlas ned runt 1 procent efter att en kraftig sn\u00f6storm slagit mot nord\u00f6stra USA. <a href=\"https:\/\/www.di.se\/nyheter\/snostorm-stoppar-flygtrafiken-i-new-york\/\" rel=\"nofollow noopener\" target=\"_blank\">Hundratals flygningar har st\u00e4llts in<\/a> eller f\u00f6rsenats mitt under det intensiva jul- och ny\u00e5rsresandet.<\/p>\n<p>Marknaden befinner sig samtidigt i en s\u00e4songsm\u00e4ssigt stark period. Det s\u00e5 kallade tomterallyt \u2013 som omfattar \u00e5rets fem sista handelsdagar och de tv\u00e5 f\u00f6rsta p\u00e5 det nya \u00e5ret \u2013 har historiskt gett en genomsnittlig uppg\u00e5ng p\u00e5 1,3 procent f\u00f6r S&amp;P 500.<\/p>\n","protected":false},"excerpt":{"rendered":"I den inledande annandagshandeln pendlar de ledande indexen \u2013 Dow Jones, S&amp;P 500 och Nasdaq \u2013 mellan svagt&hellip;\n","protected":false},"author":2,"featured_media":117620,"comment_status":"","ping_status":"","sticky":false,"template":"","format":"standard","meta":{"footnotes":""},"categories":[65],"tags":[72,70,71,34,31,33,32,30],"class_list":{"0":"post-117619","1":"post","2":"type-post","3":"status-publish","4":"format-standard","5":"has-post-thumbnail","7":"category-ekonomi","8":"tag-business","9":"tag-economy","10":"tag-ekonomi","11":"tag-se","12":"tag-svenska","13":"tag-sverige","14":"tag-sweden","15":"tag-swedish"},"share_on_mastodon":{"url":"https:\/\/pubeurope.com\/@se\/115786650938662045","error":""},"_links":{"self":[{"href":"https:\/\/www.europesays.com\/se\/wp-json\/wp\/v2\/posts\/117619","targetHints":{"allow":["GET"]}}],"collection":[{"href":"https:\/\/www.europesays.com\/se\/wp-json\/wp\/v2\/posts"}],"about":[{"href":"https:\/\/www.europesays.com\/se\/wp-json\/wp\/v2\/types\/post"}],"author":[{"embeddable":true,"href":"https:\/\/www.europesays.com\/se\/wp-json\/wp\/v2\/users\/2"}],"replies":[{"embeddable":true,"href":"https:\/\/www.europesays.com\/se\/wp-json\/wp\/v2\/comments?post=117619"}],"version-history":[{"count":0,"href":"https:\/\/www.europesays.com\/se\/wp-json\/wp\/v2\/posts\/117619\/revisions"}],"wp:featuredmedia":[{"embeddable":true,"href":"https:\/\/www.europesays.com\/se\/wp-json\/wp\/v2\/media\/117620"}],"wp:attachment":[{"href":"https:\/\/www.europesays.com\/se\/wp-json\/wp\/v2\/media?parent=117619"}],"wp:term":[{"taxonomy":"category","embeddable":true,"href":"https:\/\/www.europesays.com\/se\/wp-json\/wp\/v2\/categories?post=117619"},{"taxonomy":"post_tag","embeddable":true,"href":"https:\/\/www.europesays.com\/se\/wp-json\/wp\/v2\/tags?post=117619"}],"curies":[{"name":"wp","href":"https:\/\/api.w.org\/{rel}","templated":true}]}}