{"id":117621,"date":"2025-12-26T15:54:11","date_gmt":"2025-12-26T15:54:11","guid":{"rendered":"https:\/\/www.europesays.com\/se\/117621\/"},"modified":"2025-12-26T15:54:11","modified_gmt":"2025-12-26T15:54:11","slug":"lag-bakom-allt-hyllar-fansen-magiskt-stod-nwt","status":"publish","type":"post","link":"https:\/\/www.europesays.com\/se\/117621\/","title":{"rendered":"L\u00e5g bakom allt \u2013 hyllar fansen: \u201dMagiskt st\u00f6d!\u201d &#8211; NWT"},"content":{"rendered":"<ol>\n<li><a href=\"https:\/\/news.google.com\/rss\/articles\/CBMihAFBVV95cUxNQVZjOW9mWF9YVGJ2NWV2OXk2cmVaSzNQNVQwVUhDM29GX1NqUGkxLV9aZkczQ2gxQmtoTmVpNjRxU2VlNFkxaHBtMTBkeDVGZjBzdkpMMzBZTEQ2amJZX1haYXZhb3pZejRSWWllTGNsNG1oc0RYb18xdkxCUXdkMWctSWw?oc=5\" target=\"_blank\" rel=\"nofollow noopener\">L\u00e5g bakom allt \u2013 hyllar fansen: \u201dMagiskt st\u00f6d!\u201d<\/a>&nbsp;&nbsp;NWT<\/li>\n<li><a href=\"https:\/\/news.google.com\/rss\/articles\/CBMib0FVX3lxTFBPTFdHaU8tWkltMHA1UXoxY3daVmFkNG9wa21LT3Rzd3FJUTBjZXlEREpwbmNkc3J1N2t3YnpMMGwxdGMwRk5iRDljU2dGSWxZVjlwZ21xbzk0d2U2dklIVnZwbGxNMUJySFJhaFFrRQ?oc=5\" target=\"_blank\" rel=\"nofollow noopener\">LIVE: Stark v\u00e4ndning \u2013 tog f\u00f6rsta segern p\u00e5 \u00f6ver tv\u00e5 m\u00e5nader<\/a>&nbsp;&nbsp;NWT<\/li>\n<li><a href=\"https:\/\/news.google.com\/rss\/articles\/CBMitwFBVV95cUxQOTJPdk9JcS01dEFKZXVhVndTZm01dnpjMWlva0s5d1BjV25aSFRLSmVSUWt1UnJJSzBpa1VKbEtJZWFwNVpFcmFmVjNLcVdzM3FwcE5Icm9uZ05NZnFTTjNCc2VwZWpzb3RUcDd0NDFmU3NrN1VObGpGcmg1ckt6ZElCWFVISkM1VDFhYXQxR3dDMFUyckRTWTY5OW5kWFJHQ3A2UkRhb2xVd1pNZVIwb2dvcnBxNGs?oc=5\" target=\"_blank\" rel=\"nofollow noopener\">Boltic f\u00f6r tuffa f\u00f6r Frilles\u00e5s BK \u2013 trots bra start<\/a>&nbsp;&nbsp;Hallands Nyheter<\/li>\n<li><a href=\"https:\/\/news.google.com\/rss\/articles\/CBMi5gFBVV95cUxNODEtOVJFRU5yeGJ2NlNlYTVrbWdyOWRXaEp0Ql9wWlRMV1JDYS1WYzBpLVVBMVh1SnNEYlFDMC0yMGdSSHZDZ0RmMUtHMWlFSk1Ld0tORGtiRXFqM1ItLTFUSFMtMXRFNGhMNEc2YkJCLUNzU1k3S1M2UDdOMHJfbVJFanh6ZTBVdFBwdDI5UTMtOEdZdkdnVUlVLUFIUmlWdkFYZVVMNnd1Q2JaVHh5VjF5S2QxSll5aTd0TTZNYk1wZmttV2RvOGctNFNZSlVmcGJWMDB2dHdfek5OQUdDaF9KSnF3UQ?oc=5\" target=\"_blank\" rel=\"nofollow noopener\">St\u00f6kiga supportrar v\u00e4ntas \u2013 Frilles\u00e5s sk\u00e4rper s\u00e4kerheten inf\u00f6r annandagsbandyn<\/a>&nbsp;&nbsp;Kungsbacka-Posten<\/li>\n<li><a href=\"https:\/\/news.google.com\/rss\/articles\/CBMilgFBVV95cUxQM0dadUZ5QmFpRDBETWtaMEFYdUFvVnVtWVF0WXpDMjR1ZGJBMXFQUnZvcnMzUjJNTnA3eXl5YXpabDViZmc0cnNGM3M2SU53cXFNQlVYYWVOMkhPcWxXMjc0bVg3UmFid1hKTDBaOE83Z0lxNnlWaFBKbkZnc2VRTEJqdGJkQTZja1IwUVNnLXlqM1FuVmc?oc=5\" target=\"_blank\" rel=\"nofollow noopener\">\u00c4ntligen \u00e4r f\u00f6rlustsviten bruten f\u00f6r Boltic<\/a>&nbsp;&nbsp;NSD<\/li>\n<\/ol>\n","protected":false},"excerpt":{"rendered":"L\u00e5g bakom allt \u2013 hyllar fansen: \u201dMagiskt st\u00f6d!\u201d&nbsp;&nbsp;NWT LIVE: Stark v\u00e4ndning \u2013 tog f\u00f6rsta segern p\u00e5 \u00f6ver tv\u00e5&hellip;\n","protected":false},"author":2,"featured_media":117622,"comment_status":"","ping_status":"","sticky":false,"template":"","format":"standard","meta":{"footnotes":""},"categories":[68],"tags":[34,111,110,31,33,32,30],"class_list":{"0":"post-117621","1":"post","2":"type-post","3":"status-publish","4":"format-standard","5":"has-post-thumbnail","7":"category-sport","8":"tag-se","9":"tag-sport","10":"tag-sports","11":"tag-svenska","12":"tag-sverige","13":"tag-sweden","14":"tag-swedish"},"share_on_mastodon":{"url":"https:\/\/pubeurope.com\/@se\/115786682393269783","error":""},"_links":{"self":[{"href":"https:\/\/www.europesays.com\/se\/wp-json\/wp\/v2\/posts\/117621","targetHints":{"allow":["GET"]}}],"collection":[{"href":"https:\/\/www.europesays.com\/se\/wp-json\/wp\/v2\/posts"}],"about":[{"href":"https:\/\/www.europesays.com\/se\/wp-json\/wp\/v2\/types\/post"}],"author":[{"embeddable":true,"href":"https:\/\/www.europesays.com\/se\/wp-json\/wp\/v2\/users\/2"}],"replies":[{"embeddable":true,"href":"https:\/\/www.europesays.com\/se\/wp-json\/wp\/v2\/comments?post=117621"}],"version-history":[{"count":0,"href":"https:\/\/www.europesays.com\/se\/wp-json\/wp\/v2\/posts\/117621\/revisions"}],"wp:featuredmedia":[{"embeddable":true,"href":"https:\/\/www.europesays.com\/se\/wp-json\/wp\/v2\/media\/117622"}],"wp:attachment":[{"href":"https:\/\/www.europesays.com\/se\/wp-json\/wp\/v2\/media?parent=117621"}],"wp:term":[{"taxonomy":"category","embeddable":true,"href":"https:\/\/www.europesays.com\/se\/wp-json\/wp\/v2\/categories?post=117621"},{"taxonomy":"post_tag","embeddable":true,"href":"https:\/\/www.europesays.com\/se\/wp-json\/wp\/v2\/tags?post=117621"}],"curies":[{"name":"wp","href":"https:\/\/api.w.org\/{rel}","templated":true}]}}