{"id":117623,"date":"2025-12-26T15:56:08","date_gmt":"2025-12-26T15:56:08","guid":{"rendered":"https:\/\/www.europesays.com\/se\/117623\/"},"modified":"2025-12-26T15:56:08","modified_gmt":"2025-12-26T15:56:08","slug":"slojdare-kampar-med-material-och-forsorjning","status":"publish","type":"post","link":"https:\/\/www.europesays.com\/se\/117623\/","title":{"rendered":"Sl\u00f6jdare k\u00e4mpar med material och f\u00f6rs\u00f6rjning"},"content":{"rendered":"<p class=\"sc-c25743f0-0 sc-e37c0145-2 hObFds DQgPn\">Maria H\u00f6gberg har i snart tio \u00e5r vikt pappersstj\u00e4rnor och har i \u00e5r skapat \u00f6ver 800 stycken. Hennes intresse v\u00e4cktes n\u00e4r hon arbetade p\u00e5 Leksaksmuseet och byggde en julutst\u00e4llning. <\/p>\n<p class=\"sc-c25743f0-0 sc-e37c0145-2 hObFds DQgPn\">\u2013 Jag jobbade p\u00e5 Leksaksmuseet och byggde utst\u00e4llning d\u00e4r. Till den h\u00e4r utst\u00e4llningen skulle det kl\u00e4s sex granar till jul. S\u00e5 jag k\u00f6pte serietidningar p\u00e5 loppis och vek till den granen. Och d\u00e5 t\u00e4nkte jag, det h\u00e4r blir ju fint, s\u00e4ger H\u00f6gberg. <\/p>\n<p>Utmaningar f\u00f6r sl\u00f6jdare <\/p>\n<p class=\"sc-c25743f0-0 sc-e37c0145-2 hObFds DQgPn\">Att skapa vackra alster och \u00e4gna livet \u00e5t sl\u00f6jden \u00e4r en dr\u00f6m f\u00f6r m\u00e5nga, men det \u00e4r sv\u00e5rt att f\u00f6rs\u00f6rja sig p\u00e5 hantverket. M\u00e5nga sl\u00f6jdare har andra jobb vid sidan om. <\/p>\n<p class=\"sc-c25743f0-0 sc-e37c0145-2 hObFds DQgPn\">\u2013 Ja, det \u00e4r en stor utmaning. Jag tror att det \u00e4r j\u00e4ttesv\u00e5rt. Finns det n\u00e5gon hantverkare som inte har ett annat jobb vid sidan om? Det vet jag inte. <\/p>\n<p class=\"sc-c25743f0-0 sc-e37c0145-2 hObFds DQgPn\">\u2013 Jag kan inte f\u00f6rs\u00f6rja mig bara p\u00e5 mitt hantverk. Det g\u00e5r inte, s\u00e4ger Maria H\u00f6gberg. <\/p>\n<p class=\"sc-c25743f0-0 sc-e37c0145-2 hObFds DQgPn\">Annika Holmdahl, kommunikat\u00f6r p\u00e5 Svenska Hemsl\u00f6jdsf\u00f6reningarnas Riksf\u00f6rbund, bekr\u00e4ftar utmaningarna: <\/p>\n<p class=\"sc-c25743f0-0 sc-e37c0145-2 hObFds DQgPn\">\u2013 Det \u00e4r ju en st\u00e4ndig utmaning f\u00f6r den som sl\u00f6jdar, s\u00e4ger Annika Holmdahl. <\/p>\n<p>Materialbrist &#8211; svenskt ull sv\u00e5rt att f\u00e5<\/p>\n<p class=\"sc-c25743f0-0 sc-e37c0145-2 hObFds DQgPn\">En annan utmaning \u00e4r tillg\u00e5ngen till svenskt material, som ofta \u00e4r b\u00e5de sv\u00e5rt och dyrt att f\u00e5 tag p\u00e5. S\u00e4rskilt svensk ull \u00e4r sv\u00e5r att tillvarata. <\/p>\n<p class=\"sc-c25743f0-0 sc-e37c0145-2 hObFds DQgPn\">\u2013 Det finns stora utmaningar bland naturmaterialet i Sverige. Bland annat om man ser till den svenska ullen. Stor andel av den som finns i Sverige sl\u00e4ngs, br\u00e4nns eller gr\u00e4vs ner. F\u00f6r att det inte finns en organiserad marknad eller m\u00f6jlighet att s\u00e4lja den, s\u00e4ger Annika Holmdahl. <\/p>\n<p>F\u00f6rs\u00f6ker skapa ullmarknad<\/p>\n<p class=\"sc-c25743f0-0 sc-e37c0145-2 hObFds DQgPn\">Det finns d\u00e4remot initiativ som arbetar med att tillg\u00e4ngligg\u00f6ra den svenska ullen. Swedish Wool Initiative har samlat akt\u00f6rer fr\u00e5n hela v\u00e4rdekedjan f\u00f6r att \u00f6ka anv\u00e4ndningen av svensk ull och skapa en mer h\u00e5llbar och cirkul\u00e4r industri. <\/p>\n<p>Johan Sidenmark, projektledare f\u00f6r Swedish Wool Initiative, ser en positiv utveckling: <\/p>\n<p class=\"sc-c25743f0-0 sc-e37c0145-2 hObFds DQgPn\">\u2013 Det \u00e4r inte klokt att man har eldat upp den h\u00e4r r\u00e5varan tidigare. Men nu har man d\u00e5 kn\u00e4ckt den h\u00e4r fr\u00e5gan lite och f\u00f6rst\u00e5tt vilka krav du ska st\u00e4lla p\u00e5 ullen och vad det \u00e4r f\u00f6r sorts ull. Och det g\u00f6r ju att man kan f\u00e5 fram garner. Vissa garner \u00e4r v\u00e4ldigt eftertraktade och framf\u00f6r allt inom hantverk, s\u00e4ger Sidenmark. <\/p>\n","protected":false},"excerpt":{"rendered":"Maria H\u00f6gberg har i snart tio \u00e5r vikt pappersstj\u00e4rnor och har i \u00e5r skapat \u00f6ver 800 stycken. Hennes&hellip;\n","protected":false},"author":2,"featured_media":117624,"comment_status":"","ping_status":"","sticky":false,"template":"","format":"standard","meta":{"footnotes":""},"categories":[66],"tags":[80,78,79,34,31,33,32,30,81,84,83,82],"class_list":{"0":"post-117623","1":"post","2":"type-post","3":"status-publish","4":"format-standard","5":"has-post-thumbnail","7":"category-vetenskap-och-teknik","8":"tag-science","9":"tag-science-and-technology","10":"tag-scienceandtechnology","11":"tag-se","12":"tag-svenska","13":"tag-sverige","14":"tag-sweden","15":"tag-swedish","16":"tag-technology","17":"tag-teknik","18":"tag-vetenskap","19":"tag-vetenskapteknik"},"share_on_mastodon":{"url":"https:\/\/pubeurope.com\/@se\/115786690363139631","error":""},"_links":{"self":[{"href":"https:\/\/www.europesays.com\/se\/wp-json\/wp\/v2\/posts\/117623","targetHints":{"allow":["GET"]}}],"collection":[{"href":"https:\/\/www.europesays.com\/se\/wp-json\/wp\/v2\/posts"}],"about":[{"href":"https:\/\/www.europesays.com\/se\/wp-json\/wp\/v2\/types\/post"}],"author":[{"embeddable":true,"href":"https:\/\/www.europesays.com\/se\/wp-json\/wp\/v2\/users\/2"}],"replies":[{"embeddable":true,"href":"https:\/\/www.europesays.com\/se\/wp-json\/wp\/v2\/comments?post=117623"}],"version-history":[{"count":0,"href":"https:\/\/www.europesays.com\/se\/wp-json\/wp\/v2\/posts\/117623\/revisions"}],"wp:featuredmedia":[{"embeddable":true,"href":"https:\/\/www.europesays.com\/se\/wp-json\/wp\/v2\/media\/117624"}],"wp:attachment":[{"href":"https:\/\/www.europesays.com\/se\/wp-json\/wp\/v2\/media?parent=117623"}],"wp:term":[{"taxonomy":"category","embeddable":true,"href":"https:\/\/www.europesays.com\/se\/wp-json\/wp\/v2\/categories?post=117623"},{"taxonomy":"post_tag","embeddable":true,"href":"https:\/\/www.europesays.com\/se\/wp-json\/wp\/v2\/tags?post=117623"}],"curies":[{"name":"wp","href":"https:\/\/api.w.org\/{rel}","templated":true}]}}