{"id":117625,"date":"2025-12-26T15:57:31","date_gmt":"2025-12-26T15:57:31","guid":{"rendered":"https:\/\/www.europesays.com\/se\/117625\/"},"modified":"2025-12-26T15:57:31","modified_gmt":"2025-12-26T15:57:31","slug":"familjeforvaltning-exploderar-maktspelare-pa-wall-street","status":"publish","type":"post","link":"https:\/\/www.europesays.com\/se\/117625\/","title":{"rendered":"Familjef\u00f6rvaltning exploderar \u2013 maktspelare p\u00e5 Wall Street"},"content":{"rendered":"<p>Privata f\u00f6rm\u00f6genhetsf\u00f6rvaltare f\u00f6r superrika, s\u00e5 kallade \u201dfamily offices\u201d, \u00e4r de nya maktspelarna p\u00e5 Wall Street, skriver Wall Street Journal. De hanterar sammanlagt omkring 5\u202f500\u2026<\/p>\n<p>Omni \u00e4r politiskt obundna och oberoende. Vi str\u00e4var efter att ge fler perspektiv p\u00e5 nyheterna. Har du fr\u00e5gor eller synpunkter kring v\u00e5r rapportering? <a href=\"https:\/\/omniekonomi.se\/familjeforvaltning-exploderar-maktspelare-pa-wall-street\/a\/mailto:eko@omni.se\" class=\"ArticleActions_contactLink__W2F1M\" rel=\"nofollow noopener\" target=\"_blank\">Kontakta redaktionen<\/a><\/p>\n","protected":false},"excerpt":{"rendered":"Privata f\u00f6rm\u00f6genhetsf\u00f6rvaltare f\u00f6r superrika, s\u00e5 kallade \u201dfamily offices\u201d, \u00e4r de nya maktspelarna p\u00e5 Wall Street, skriver Wall Street&hellip;\n","protected":false},"author":2,"featured_media":117626,"comment_status":"","ping_status":"","sticky":false,"template":"","format":"standard","meta":{"footnotes":""},"categories":[65],"tags":[338,72,70,71,339,34,31,33,32,30,398],"class_list":{"0":"post-117625","1":"post","2":"type-post","3":"status-publish","4":"format-standard","5":"has-post-thumbnail","7":"category-ekonomi","8":"tag-bank","9":"tag-business","10":"tag-economy","11":"tag-ekonomi","12":"tag-finans-forsakring","13":"tag-se","14":"tag-svenska","15":"tag-sverige","16":"tag-sweden","17":"tag-swedish","18":"tag-wall-street"},"share_on_mastodon":{"url":"https:\/\/pubeurope.com\/@se\/115786694194333005","error":""},"_links":{"self":[{"href":"https:\/\/www.europesays.com\/se\/wp-json\/wp\/v2\/posts\/117625","targetHints":{"allow":["GET"]}}],"collection":[{"href":"https:\/\/www.europesays.com\/se\/wp-json\/wp\/v2\/posts"}],"about":[{"href":"https:\/\/www.europesays.com\/se\/wp-json\/wp\/v2\/types\/post"}],"author":[{"embeddable":true,"href":"https:\/\/www.europesays.com\/se\/wp-json\/wp\/v2\/users\/2"}],"replies":[{"embeddable":true,"href":"https:\/\/www.europesays.com\/se\/wp-json\/wp\/v2\/comments?post=117625"}],"version-history":[{"count":0,"href":"https:\/\/www.europesays.com\/se\/wp-json\/wp\/v2\/posts\/117625\/revisions"}],"wp:featuredmedia":[{"embeddable":true,"href":"https:\/\/www.europesays.com\/se\/wp-json\/wp\/v2\/media\/117626"}],"wp:attachment":[{"href":"https:\/\/www.europesays.com\/se\/wp-json\/wp\/v2\/media?parent=117625"}],"wp:term":[{"taxonomy":"category","embeddable":true,"href":"https:\/\/www.europesays.com\/se\/wp-json\/wp\/v2\/categories?post=117625"},{"taxonomy":"post_tag","embeddable":true,"href":"https:\/\/www.europesays.com\/se\/wp-json\/wp\/v2\/tags?post=117625"}],"curies":[{"name":"wp","href":"https:\/\/api.w.org\/{rel}","templated":true}]}}