{"id":117637,"date":"2025-12-26T16:11:08","date_gmt":"2025-12-26T16:11:08","guid":{"rendered":"https:\/\/www.europesays.com\/se\/117637\/"},"modified":"2025-12-26T16:11:08","modified_gmt":"2025-12-26T16:11:08","slug":"tva-poang-i-juletid-savehof","status":"publish","type":"post","link":"https:\/\/www.europesays.com\/se\/117637\/","title":{"rendered":"Tv\u00e5 po\u00e4ng i juletid &#8211; S\u00e4vehof"},"content":{"rendered":"<p><b>IK S\u00e4vehof besegrade V\u00e4ster\u00e5sIrsta HF i sista hemmamatchen inf\u00f6r EM-uppeh\u00e5llet. Slutresultatet skrevs till 34\u201331.<\/b><\/p>\n<p>Traditionsenligt bj\u00f6d annandag jul p\u00e5 dubbla matcher i Partille Arena. F\u00f6rst ut var herrlagets m\u00f6te med V\u00e4ster\u00e5sIrsta d\u00e4r det, bortsett lika-l\u00e4ge vid 7\u20137 och 8\u20138, st\u00e4ndigt var S\u00e4vehof som befann sig steget f\u00f6re sina motst\u00e5ndare.<\/p>\n<p>I samband med eftermiddagens f\u00f6rsta numer\u00e4ra \u00f6verl\u00e4ge fick Axel Davidsson f\u00f6rtroendet fr\u00e5n Linus Ekman att betr\u00e4da planen. Den unge energispridaren fick d\u00e4rmed speltid i S\u00e4vehofs herrlag f\u00f6r f\u00f6rsta g\u00e5ngen.<br \/>\u2013 Han st\u00e5r i kamikaze varje match, k\u00e4mpar p\u00e5 och \u00e4r lagkapten i S-hof som g\u00e5r bra, d\u00e5 f\u00f6rtj\u00e4nar man att f\u00e5 chansen. Sedan var det synd att han missade tv\u00e5 l\u00e4gen, men det \u00e4r klart att han ska f\u00e5 chansen. Axel \u00e4r en viktig kugge i v\u00e5r organisation sett till vad han st\u00e5r f\u00f6r, vad han tar ner till S-hof och vad han bidrar med p\u00e5 l\u00e4ktaren, kommenterade S\u00e4vehofs huvudtr\u00e4nare.<\/p>\n<p>I samband med halvtidssignalen visade jumbotronen i Partille Arena att st\u00e4llningen var 16\u201314 i gulsvart fav\u00f6r. Marginalen borde varit st\u00f6rre, om vi fr\u00e5gar Ekman.<br \/>\u2013 Jag \u00e4r v\u00e4ldigt n\u00f6jd med den f\u00f6rsta halvleken, det var sm\u00e5saker som gjorde att vi inte riktigt ryckte ifr\u00e5n dem. Jag k\u00e4nde att vi kanske till och med hade i oss att kunna ha ledningen med sex eller sju m\u00e5l.<\/p>\n<p>Vid ett par tillf\u00e4llen efter pausen tangerade S\u00e4vehof det st\u00f6rsta \u00f6vertaget fr\u00e5n den f\u00f6rsta halvleken. Ledningen hade d\u00e5 vuxit till fyra bollar, men med knappt tio minuter kvar p\u00e5 klockan var differensen nere p\u00e5 blott uddam\u00e5let.<\/p>\n<p>S\u00e4vehof hittade sedan n\u00e4tet vid r\u00e4tt tillf\u00e4llen f\u00f6r att undvika att hamna p\u00e5 lika-l\u00e4ge och de tv\u00e5 po\u00e4ngen s\u00e4krades med siffrorna 34\u201331.<br \/>\u2013 Stundtals tycker jag att vi spelade b\u00e4ttre \u00e4n vad det stod p\u00e5 tavlan, s\u00e4rskilt i den f\u00f6rsta halvleken d\u00e4r vi var klart b\u00e4ttre. De k\u00e4mpade dock p\u00e5 bra och vi gjorde lite f\u00f6r enkla misstag f\u00f6r att kunna dra ifr\u00e5n och avg\u00f6ra matchen.<\/p>\n<p>Endast en match \u00e5terst\u00e5r innan m\u00e4sterskapsuppeh\u00e5llet som p\u00e5g\u00e5r fram till b\u00f6rjan av februari. P\u00e5 tisdag reser laget s\u00f6derut f\u00f6r m\u00f6te med Ystads IF.<br \/>\u2013 Vi \u00e4r laddade och revanschsugna p\u00e5 Ystad. Vi vill ta revansch p\u00e5 oss sj\u00e4lva sett till hemmamatchen mot dem, s\u00e5 det ska bli kul, sade Ekman n\u00e4r han blickade fram\u00e5t.<\/p>\n<p><b>IK S\u00e4vehof \u2013 V\u00e4ster\u00e5sIrsta HF 34\u201331 (16\u201314)<\/b><\/p>\n<p><b>IK S\u00e4vehofs m\u00e5lskyttar:<\/b> Magnus Persson 7, Leon Hal\u00e9n 5, David Sandberg 5, Truls Gr\u00f6tta 5, Tom Poyet 3, Sebastian Durlanu 3, Tobias Trommler 2, Malte Celander 2, Birgir Steinn J\u00f3nsson 1 och Arvid Uusvoog 1.<\/p>\n<p><b>V\u00e4ster\u00e5sIrsta HF:s m\u00e5lskyttar: <\/b>William Hermansson 8, Alex Andersson 7, Erik Svensson 4, Gabriel Snis 3, G\u00f6sta Lillh\u00f6k 3, M\u00e5ns Lagelius 2, Jakob Gr\u00f6nlund 2, Elias Ihrs\u00e9n 1 och Jesper Fil\u00e9n 1.<\/p>\n<p><strong>\u2013 Erik Malmqvist<\/strong><\/p>\n","protected":false},"excerpt":{"rendered":"IK S\u00e4vehof besegrade V\u00e4ster\u00e5sIrsta HF i sista hemmamatchen inf\u00f6r EM-uppeh\u00e5llet. Slutresultatet skrevs till 34\u201331. Traditionsenligt bj\u00f6d annandag jul&hellip;\n","protected":false},"author":2,"featured_media":117638,"comment_status":"","ping_status":"","sticky":false,"template":"","format":"standard","meta":{"footnotes":""},"categories":[68],"tags":[12621,2848,34,111,110,31,33,32,30],"class_list":{"0":"post-117637","1":"post","2":"type-post","3":"status-publish","4":"format-standard","5":"has-post-thumbnail","7":"category-sport","8":"tag-axel-davidsson","9":"tag-linus-ekman","10":"tag-se","11":"tag-sport","12":"tag-sports","13":"tag-svenska","14":"tag-sverige","15":"tag-sweden","16":"tag-swedish"},"share_on_mastodon":{"url":"https:\/\/pubeurope.com\/@se\/115786749275582212","error":""},"_links":{"self":[{"href":"https:\/\/www.europesays.com\/se\/wp-json\/wp\/v2\/posts\/117637","targetHints":{"allow":["GET"]}}],"collection":[{"href":"https:\/\/www.europesays.com\/se\/wp-json\/wp\/v2\/posts"}],"about":[{"href":"https:\/\/www.europesays.com\/se\/wp-json\/wp\/v2\/types\/post"}],"author":[{"embeddable":true,"href":"https:\/\/www.europesays.com\/se\/wp-json\/wp\/v2\/users\/2"}],"replies":[{"embeddable":true,"href":"https:\/\/www.europesays.com\/se\/wp-json\/wp\/v2\/comments?post=117637"}],"version-history":[{"count":0,"href":"https:\/\/www.europesays.com\/se\/wp-json\/wp\/v2\/posts\/117637\/revisions"}],"wp:featuredmedia":[{"embeddable":true,"href":"https:\/\/www.europesays.com\/se\/wp-json\/wp\/v2\/media\/117638"}],"wp:attachment":[{"href":"https:\/\/www.europesays.com\/se\/wp-json\/wp\/v2\/media?parent=117637"}],"wp:term":[{"taxonomy":"category","embeddable":true,"href":"https:\/\/www.europesays.com\/se\/wp-json\/wp\/v2\/categories?post=117637"},{"taxonomy":"post_tag","embeddable":true,"href":"https:\/\/www.europesays.com\/se\/wp-json\/wp\/v2\/tags?post=117637"}],"curies":[{"name":"wp","href":"https:\/\/api.w.org\/{rel}","templated":true}]}}