{"id":117654,"date":"2025-12-26T16:29:10","date_gmt":"2025-12-26T16:29:10","guid":{"rendered":"https:\/\/www.europesays.com\/se\/117654\/"},"modified":"2025-12-26T16:29:10","modified_gmt":"2025-12-26T16:29:10","slug":"syskonen-reiner-traumatiserade-efter-dubbelmordet","status":"publish","type":"post","link":"https:\/\/www.europesays.com\/se\/117654\/","title":{"rendered":"Syskonen Reiner \u201dtraumatiserade\u201d efter dubbelmordet"},"content":{"rendered":"<p>Hela familjen Reiner skulle fira b\u00e5de jul och \u201dminstingen\u201d Romy Reiners f\u00f6delsedag.\u00a0<\/p>\n<p>Ist\u00e4llet misst\u00e4nks sonen Nick f\u00f6r mordet p\u00e5 f\u00f6r\u00e4ldrarna.<\/p>\n<p>Syskonen Jake och Romy Reiner har nu bara varandra att f\u00f6rlita sig p\u00e5.<\/p>\n<p>\u2013 Jake har tagit sig an fadersrollen, s\u00e4ger en k\u00e4lla n\u00e4ra familjen till Daily Mail.<\/p>\n<p>Sonens iskalla drag efter Reiner-morden.<img loading=\"lazy\"   alt=\"\"\/><\/p>\n<p>Syskonen Reiner \u2013 Jake, Romy och mordanklagade Nick.<\/p>\n<p>Foto: EVAN AGOSTINI \/ AP TT NYHETSBYR\u00c5N<\/p>\n<p>\u00d6ppna bild i helsk\u00e4rm<img loading=\"lazy\"   alt=\"\"\/><\/p>\n<p>Makarna Reiners hus i Brentwood, Los Angeles.<\/p>\n<p>Foto: TED SOQUI \/ EPA<\/p>\n<p>\u00d6ppna bild i helsk\u00e4rm<img loading=\"lazy\"   alt=\"\"\/><\/p>\n<p>Rob Reiner blev 78 \u00e5r. Michele Singer Reiner blev 68.<\/p>\n<p>Foto: Lev Radin \/ Zuma Press \/ TT NYHETSBYR\u00c5N<\/p>\n<p>\u00d6ppna bild i helsk\u00e4rm<\/p>\n<p>F\u00f6r ett par veckor sedan hittades Hollywoodregiss\u00f6ren Rob Reiner och hans fru Michele Singer Reiner d\u00f6da i sitt hus i Los Angeles.<\/p>\n<p>Inte l\u00e5ngt d\u00e4rp\u00e5 greps parets 32-\u00e5riga son, Nick Reiner, misst\u00e4nkt f\u00f6r att ha skurit ihj\u00e4l sina f\u00f6r\u00e4ldrar med kniv.<\/p>\n<p>Det var parets dotter och \u201dminstingen\u201d Romy Reiner som hittade f\u00f6r\u00e4ldrarna d\u00f6da.<\/p>\n<p>\u201dD\u00e4mpat firande\u201d<\/p>\n<p>Hon \u00e4r traumatiserad av det intr\u00e4ffade, uppger k\u00e4llor f\u00f6r Daily Mail. Hennes andra bror, Jake Reiner, har rusat f\u00f6r att vara vid hennes sida efter mordet.<\/p>\n<p>\u2013 Han har beh\u00f6vt ta sig an fadersrollen. Hans motto \u00e4r \u201dfamiljen f\u00f6rst\u201d, vilket \u00e4r n\u00e5got Rob och Michele alltid prioriterat och l\u00e4rt sina barn, s\u00e4ger k\u00e4llan.<\/p>\n<p>Tillsammans kamperar de nu i ett avl\u00e4gset strandhus i s\u00f6dra Kalifornien. \u00c4ven syskonens mostrar och partners har kommit f\u00f6r att bo i huset under den sv\u00e5ra tiden.<\/p>\n<p>\u2013 De tyckte att det k\u00e4ndes v\u00e4ldigt viktigt att samlas som familj under julen, och f\u00f6r att fira Romys f\u00f6delsedag n\u00e4sta vecka. Men firandena blir nog r\u00e4tt d\u00e4mpade, s\u00e4ger k\u00e4llan till Daily Mail.<\/p>\n<p>F\u00f6rra veckan uttalade sig syskonen.<\/p>\n<p>\u201dOrd kan inte beskriva den obeskrivliga sm\u00e4rta vi k\u00e4nner varje stund av varje dag\u201d, sa de d\u00e5.<\/p>\n<p>Kan f\u00e5 d\u00f6dsstraff<\/p>\n<p>Makarna Reiner ska, i flera \u00e5r, ha br\u00e5kat med sonen Nick om att han borde b\u00f6rja i rehabilitering f\u00f6r sitt drogmissbruk. Enligt uppgifter har Nick varit v\u00e5ldsam tidigare och f\u00f6r\u00e4ldrarna ska ha varit r\u00e4dda f\u00f6r vad han kan g\u00f6ra.<\/p>\n<p>Efter dubbelmordet \u00e4r han misst\u00e4nkt f\u00f6r tv\u00e5 fall av mord samt vapenbrott, d\u00e5 han misst\u00e4nks ha anv\u00e4nt en kniv vid d\u00e5det. Det inneb\u00e4r att han riskerar livstids f\u00e4ngelse, eller till och med d\u00f6dsstraff d\u00e5 det kan till\u00e4mpas i Kalifornien.<\/p>\n","protected":false},"excerpt":{"rendered":"Hela familjen Reiner skulle fira b\u00e5de jul och \u201dminstingen\u201d Romy Reiners f\u00f6delsedag.\u00a0 Ist\u00e4llet misst\u00e4nks sonen Nick f\u00f6r mordet&hellip;\n","protected":false},"author":2,"featured_media":117655,"comment_status":"","ping_status":"","sticky":false,"template":"","format":"standard","meta":{"footnotes":""},"categories":[67],"tags":[104,12053,34,31,33,32,30,105],"class_list":{"0":"post-117654","1":"post","2":"type-post","3":"status-publish","4":"format-standard","5":"has-post-thumbnail","7":"category-underhallning","8":"tag-entertainment","9":"tag-newsstory-mordet-pa-rob-och-michele-reiner","10":"tag-se","11":"tag-svenska","12":"tag-sverige","13":"tag-sweden","14":"tag-swedish","15":"tag-underhallning"},"share_on_mastodon":{"url":"https:\/\/pubeurope.com\/@se\/115786820097606361","error":""},"_links":{"self":[{"href":"https:\/\/www.europesays.com\/se\/wp-json\/wp\/v2\/posts\/117654","targetHints":{"allow":["GET"]}}],"collection":[{"href":"https:\/\/www.europesays.com\/se\/wp-json\/wp\/v2\/posts"}],"about":[{"href":"https:\/\/www.europesays.com\/se\/wp-json\/wp\/v2\/types\/post"}],"author":[{"embeddable":true,"href":"https:\/\/www.europesays.com\/se\/wp-json\/wp\/v2\/users\/2"}],"replies":[{"embeddable":true,"href":"https:\/\/www.europesays.com\/se\/wp-json\/wp\/v2\/comments?post=117654"}],"version-history":[{"count":0,"href":"https:\/\/www.europesays.com\/se\/wp-json\/wp\/v2\/posts\/117654\/revisions"}],"wp:featuredmedia":[{"embeddable":true,"href":"https:\/\/www.europesays.com\/se\/wp-json\/wp\/v2\/media\/117655"}],"wp:attachment":[{"href":"https:\/\/www.europesays.com\/se\/wp-json\/wp\/v2\/media?parent=117654"}],"wp:term":[{"taxonomy":"category","embeddable":true,"href":"https:\/\/www.europesays.com\/se\/wp-json\/wp\/v2\/categories?post=117654"},{"taxonomy":"post_tag","embeddable":true,"href":"https:\/\/www.europesays.com\/se\/wp-json\/wp\/v2\/tags?post=117654"}],"curies":[{"name":"wp","href":"https:\/\/api.w.org\/{rel}","templated":true}]}}