{"id":117696,"date":"2025-12-26T17:21:27","date_gmt":"2025-12-26T17:21:27","guid":{"rendered":"https:\/\/www.europesays.com\/se\/117696\/"},"modified":"2025-12-26T17:21:27","modified_gmt":"2025-12-26T17:21:27","slug":"svenske-soldaten-domd-for-terrorbrott-i-ryssland-fanigt","status":"publish","type":"post","link":"https:\/\/www.europesays.com\/se\/117696\/","title":{"rendered":"Svenske soldaten d\u00f6md f\u00f6r terrorbrott i Ryssland: \u201dF\u00e5nigt\u201d"},"content":{"rendered":"<p>En rysk milit\u00e4rdomstol har d\u00f6mt svenske soldaten Christopher Forsb\u00e4ck, 50, f\u00f6r bland annat terrorbrott i Kursk. \u00a0<\/p>\n<p>Han d\u00f6mdes i sin fr\u00e5nvaro och \u00e4r nu internationellt efterlyst.\u00a0<\/p>\n<p>Straffet? Sju \u00e5r i f\u00e4ngelse och 20 \u00e5r i straffkoloni.\u00a0<\/p>\n<p>\u2013 Det \u00e4r bara f\u00e5nigt, rent \u00e4rligt, s\u00e4ger han.\u00a0<\/p>\n<p>Senaste klippen om kriget i Ukraina.<img   alt=\"\"\/><\/p>\n<p>Christopher Forsb\u00e4ck, 50, har krigat mot ryska arm\u00e9n vid frontlinjen i Kursk.<\/p>\n<p>Foto: Privat<\/p>\n<p>\u00d6ppna bild i helsk\u00e4rm<\/p>\n<p>P\u00e5 torsdagen rapporterade den ryska tidningen <a href=\"https:\/\/www.kommersant.ru\/doc\/8295780\" rel=\"nofollow noopener\" target=\"_blank\">Kommersant<\/a> att en rysk milit\u00e4rdomstol d\u00f6mt en svensk man f\u00f6r flera brott. Det handlar om ingenj\u00f6rssoldaten Christopher Forsb\u00e4ck.\u00a0<\/p>\n<p>Artikeln i korthet <\/p>\n<p> Christopher Forsb\u00e4ck har krigat med den ukrainska arm\u00e9n, bland annat vid fronten i Kursk.\u00a0<\/p>\n<p> Nu har en rysk milit\u00e4rdomstol d\u00f6mt honom i sin fr\u00e5nvaro till f\u00e4ngelse och straffarbete f\u00f6r bland annat terrorbrott.\u00a0<\/p>\n<p> Christopher Forsb\u00e4ck tycker att domen \u00e4r f\u00e5nig, men k\u00e4nner sig trygg i Kiev d\u00e4r han befinner sig nu.\u00a0<\/p>\n<p>Visa mer<\/p>\n<p><a href=\"https:\/\/www.expressen.se\/nyheter\/varlden\/svenske-christopher-strider--vid-fronten-i-ryska-kursk\/\" rel=\"nofollow noopener\" target=\"_blank\">Han reste till Ukraina kort efter Rysslands storskaliga invasion och har stridit vid frontlinjen i Kursk-regionen. <\/a>\u00a0<\/p>\n<p>Han d\u00f6mdes i sin fr\u00e5nvaro f\u00f6r bland annat terrorbrott, deltagande i v\u00e4pnad konflikt och olaglig gr\u00e4ns\u00f6verskridning. Straffet? Sju \u00e5r i f\u00e4ngelse och sedan 20 \u00e5r i en straffkoloni med h\u00f6gsta s\u00e4kerhetsklass.\u00a0<\/p>\n<p>\u201d\u00c4r inte f\u00f6rv\u00e5nad\u201d<\/p>\n<p>Christopher Forsb\u00e4ck, som befinner sig i Kiev, tycker att domen \u00e4r \u201df\u00e5nig\u201d.\u00a0<\/p>\n<p>\u2013 Samtidigt \u00e4r jag inte f\u00f6rv\u00e5nad. De har b\u00f6rjat med n\u00e5gon typ av verksamhet d\u00e4r de d\u00f6mer utl\u00e4ndska soldater p\u00e5 l\u00f6pande band nu. F\u00f6rr eller senare skulle det h\u00e4r komma, s\u00e4ger han och forts\u00e4tter: \u00a0<\/p>\n<p>\u2013 De d\u00f6mde en svensk kollega ocks\u00e5 nyligen. Han hade inte varit i Ryssland, utan blev d\u00f6md f\u00f6r att han stridit mot ryska styrkor i <a href=\"https:\/\/www.expressen.se\/tagg\/location\/ukraina\/\" class=\"\" rel=\"nofollow noopener\" target=\"_blank\">Ukraina<\/a>.\u00a0<\/p>\n<p><img loading=\"lazy\"   alt=\"\"\/><\/p>\n<p>Nu jobbar Christopher Forsb\u00e4ck bland annat med att utveckla laddning till ukrainska dr\u00f6nare.<\/p>\n<p>Foto: Privat<\/p>\n<p>\u00d6ppna bild i helsk\u00e4rm\u201dTryggare i Ukraina \u00e4n hemma\u201d<\/p>\n<p><strong>Du \u00e4r internationellt efterlyst nu. \u00c4r du orolig f\u00f6r att du ska bli gripen?\u00a0<\/strong><\/p>\n<p>\u2013 Nej. Visst, det \u00e4r ju inte s\u00e5 l\u00e5ngs\u00f6kt f\u00f6r vi pratar trots allt om ryssar. Anser de att det finns ett v\u00e4rde i att h\u00e4mta mig, d\u00e5 kommer de att f\u00f6rs\u00f6ka. Men samtidigt k\u00e4nner jag att jag \u00e4r tryggare i Ukraina \u00e4n jag \u00e4r hemma. De har mycket sv\u00e5rare att operera h\u00e4r \u00e4n de skulle ha i Sverige.\u00a0<\/p>\n<p>Men han tror inte att ryska agenter aktivt skulle f\u00f6rs\u00f6ka gripa honom i Sverige.\u00a0<\/p>\n<p>\u2013 Nej, det ser jag som extremt osannolikt.\u00a0<\/p>\n<p>En ingenj\u00f6rssoldat har som huvudsaklig uppgift att se till att resten av arm\u00e9n kan r\u00f6ra sig fram\u00e5t. Uppgifterna kan handla om att bygga v\u00e4gar och broar, samt r\u00f6ja minor och spr\u00e4nga hinder som \u00e4r i v\u00e4gen.\u00a0<\/p>\n<p>\u2013 Och om vi drar oss tillbaka \u00e4r det oftast vi som spr\u00e4nger v\u00e4gar och annat f\u00f6r att hindra fienden fr\u00e5n att ta sig fram, f\u00f6rklarar Christopher Forsb\u00e4ck.\u00a0<\/p>\n<p>Nu jobbar han civilt i Ukraina, bland annat med att utveckla laddningar till dr\u00f6nare.\u00a0<\/p>\n<p>\u2013 Jag ser till att det kommer ner olika saker som f\u00f6rbanden beh\u00f6ver.\u00a0<\/p>\n<p><img loading=\"lazy\"   alt=\"\"\/><\/p>\n<p>Christopher Forsb\u00e4ck uppfattar inte att Ryssland verkligen vill f\u00f6rhandla, utan bara f\u00e5 igenom sina krav.<\/p>\n<p>Foto: MIKHAIL METZEL\/KREMLIN POOL \/ STELLA PICTURES<\/p>\n<p>\u00d6ppna bild i helsk\u00e4rm\u201dDe kr\u00e4ver kapitulation\u201d<\/p>\n<p>Kreml analyserar just nu en ny fredsplan om 20 punkter som Ukraina och USA har tagit fram. Men Christopher Forsb\u00e4ck tror inte att det blir fred under n\u00e4sta \u00e5r.\u00a0<\/p>\n<p>\u2013 Permanent fred? Nej. Det \u00e4r m\u00f6jligt att de f\u00e5r till n\u00e5got slags vapenstillest\u00e5nd om ryssarna \u00e4ndrar sig, s\u00e5 att det g\u00e5r att b\u00f6rja prata med dem. Det \u00e4r inga f\u00f6rhandlingar egentligen, utan de kr\u00e4ver kapitulation. Att de ska f\u00e5 allt de vill ha av Ukraina. Det \u00e4r ingen f\u00f6rhandling, det \u00e4r krav, s\u00e4ger han. \u00a0<\/p>\n<p><strong>L\u00c4S MER: <\/strong><a href=\"https:\/\/www.expressen.se\/nyheter\/varlden\/svenske-christopher-strider--vid-fronten-i-ryska-kursk\/\" class=\"\" rel=\"nofollow noopener\" target=\"_blank\">Svenske Christopher strider  vid fronten i ryska Kursk<\/a><strong>L\u00c4S MER: <\/strong><a href=\"https:\/\/www.expressen.se\/nyheter\/varlden\/putins-desperata-drag-for-att-fa-fler-soldater-till-fronten\/\" class=\"\" rel=\"nofollow noopener\" target=\"_blank\">Putins desperata drag \u2013 f\u00f6r att f\u00e5 fler soldater till fronten<\/a><strong>L\u00c4S MER: <\/strong><a href=\"https:\/\/www.expressen.se\/nyheter\/sverige\/flygvapnets-chef-om-gripens-nya-vapen-ett-stort-steg-for-oss\/\" class=\"\" rel=\"nofollow noopener\" target=\"_blank\">Flygvapnets chef om Gripens nya vapen: \u201dEtt stort steg f\u00f6r oss\u201d<\/a><\/p>\n","protected":false},"excerpt":{"rendered":"En rysk milit\u00e4rdomstol har d\u00f6mt svenske soldaten Christopher Forsb\u00e4ck, 50, f\u00f6r bland annat terrorbrott i Kursk. \u00a0 Han&hellip;\n","protected":false},"author":2,"featured_media":117697,"comment_status":"","ping_status":"","sticky":false,"template":"","format":"standard","meta":{"footnotes":""},"categories":[5],"tags":[50,22,23,26,27,17,21,24,25,2156,1690,274,202,28,29,15,276,16,543,18,34,55,31,33,32,30,19,60,49,20],"class_list":{"0":"post-117696","1":"post","2":"type-post","3":"status-publish","4":"format-standard","5":"has-post-thumbnail","7":"category-rubriker","8":"tag-arme-forsvar","9":"tag-breaking-news","10":"tag-breakingnews","11":"tag-featured-news","12":"tag-featurednews","13":"tag-headlines","14":"tag-huvudnyheter","15":"tag-latest-news","16":"tag-latestnews","17":"tag-location-kiev","18":"tag-location-kursk","19":"tag-location-ryssland","20":"tag-location-ukraina","21":"tag-main-news","22":"tag-mainnews","23":"tag-news","24":"tag-newsstory-kriget-i-ukraina","25":"tag-nyheter","26":"tag-organization-kreml","27":"tag-rubriker","28":"tag-se","29":"tag-sections-varlden","30":"tag-svenska","31":"tag-sverige","32":"tag-sweden","33":"tag-swedish","34":"tag-top-stories","35":"tag-topic-krig-konflikt","36":"tag-topic-militar","37":"tag-topstories"},"share_on_mastodon":{"url":"https:\/\/pubeurope.com\/@se\/115787024520302671","error":""},"_links":{"self":[{"href":"https:\/\/www.europesays.com\/se\/wp-json\/wp\/v2\/posts\/117696","targetHints":{"allow":["GET"]}}],"collection":[{"href":"https:\/\/www.europesays.com\/se\/wp-json\/wp\/v2\/posts"}],"about":[{"href":"https:\/\/www.europesays.com\/se\/wp-json\/wp\/v2\/types\/post"}],"author":[{"embeddable":true,"href":"https:\/\/www.europesays.com\/se\/wp-json\/wp\/v2\/users\/2"}],"replies":[{"embeddable":true,"href":"https:\/\/www.europesays.com\/se\/wp-json\/wp\/v2\/comments?post=117696"}],"version-history":[{"count":0,"href":"https:\/\/www.europesays.com\/se\/wp-json\/wp\/v2\/posts\/117696\/revisions"}],"wp:featuredmedia":[{"embeddable":true,"href":"https:\/\/www.europesays.com\/se\/wp-json\/wp\/v2\/media\/117697"}],"wp:attachment":[{"href":"https:\/\/www.europesays.com\/se\/wp-json\/wp\/v2\/media?parent=117696"}],"wp:term":[{"taxonomy":"category","embeddable":true,"href":"https:\/\/www.europesays.com\/se\/wp-json\/wp\/v2\/categories?post=117696"},{"taxonomy":"post_tag","embeddable":true,"href":"https:\/\/www.europesays.com\/se\/wp-json\/wp\/v2\/tags?post=117696"}],"curies":[{"name":"wp","href":"https:\/\/api.w.org\/{rel}","templated":true}]}}