{"id":11770,"date":"2025-08-23T12:02:38","date_gmt":"2025-08-23T12:02:38","guid":{"rendered":"https:\/\/www.europesays.com\/se\/11770\/"},"modified":"2025-08-23T12:02:38","modified_gmt":"2025-08-23T12:02:38","slug":"valutbildade-invandrarear-ocksa-ett-problem","status":"publish","type":"post","link":"https:\/\/www.europesays.com\/se\/11770\/","title":{"rendered":"V\u00e4lutbildade invandrare\n\u00e4r ocks\u00e5 ett problem"},"content":{"rendered":"<p>Publicerad 23 aug 2025 kl 06.00<\/p>\n<p>\u00c4ven om arbetskraftsinvandrare kommer hit och sk\u00f6ter sig s\u00e5 kan resultatet bli negativt f\u00f6r Sverige.\u00a0<\/p>\n<p>M\u00e5nga underskattar riskerna med h\u00f6gkvalificerad invandring, skriver Alexander Cenusa, Markus Johansson-Martis och Amanda Meisner fr\u00e5n Konservativa f\u00f6rbundet.\u00a0<\/p>\n<p><img   alt=\"\"\/><\/p>\n<p>Alexander Cenusa, ordf\u00f6rande Konservativa f\u00f6rbundet.<\/p>\n<p>Foto: Privat<\/p>\n<p>\u00d6ppna bild i helsk\u00e4rm<img loading=\"lazy\"   alt=\"\"\/><\/p>\n<p>Markus Johansson-Martis, fd ordf\u00f6rande, Konservativa f\u00f6rbundet.<\/p>\n<p>Foto: Pressbild<\/p>\n<p>\u00d6ppna bild i helsk\u00e4rm<img loading=\"lazy\"   alt=\"\"\/><\/p>\n<p>Amanda Meisner, fd styrelsemedlem och kommunikat\u00f6r Konservativa f\u00f6rbundet.<\/p>\n<p>Foto: Privat<\/p>\n<p>\u00d6ppna bild i helsk\u00e4rm<img loading=\"lazy\"   alt=\"\"\/><\/p>\n<p>Indiska ingenj\u00f6rer \u00e4r en vanlig invandrargrupp till Sverige.<\/p>\n<p>Foto: JAGADEESH NV \/ EPA<\/p>\n<p>\u00d6ppna bild i helsk\u00e4rm<\/p>\n<p>Detta \u00e4r en debattartikel. Det \u00e4r skribenten som st\u00e5r f\u00f6r \u00e5sikterna i texten.&#13;<br \/>\n&#13;\n<\/p>\n<p><strong>DEBATT.<\/strong> Omfattande asylinvandring ser de flesta numera som ett problem.\u00a0<\/p>\n<p>Annat \u00e4r det med den h\u00f6gkvalificerade arbetskraftsinvandringen fr\u00e5n utomv\u00e4stliga l\u00e4nder.\u00a0<\/p>\n<p>Vi menar att det \u00e4r ett \u00f6desdigert misstag att sl\u00e4ppa in f\u00f6r m\u00e5nga v\u00e4lutbildade personer. De flesta underskattar riskerna.\u00a0<\/p>\n<p>Enligt SCB \u00e4r h\u00f6gutbildade nu i majoritet bland dem som flyttar fr\u00e5n ett utomeuropeiskt land till Sverige f\u00f6r att arbeta. Merparten kom fr\u00e5n Asien, n\u00e4rmare best\u00e4mt fr\u00e4mst fr\u00e5n Indien (27 procent) f\u00f6ljt av Kina, Turkiet, Balkanl\u00e4nder utanf\u00f6r EU och Iran.\u00a0<\/p>\n<p>Dessa invandrare \u00e4r inte n\u00f6dv\u00e4ndigtvis en direkt belastning p\u00e5 v\u00e4lf\u00e4rdssystemet. Trots det riskerar de att p\u00e5verka samh\u00e4llet p\u00e5 andra s\u00e4tt med bland annat \u00f6kade levnadskostnader och en f\u00f6rs\u00e4mrad livskvalitet som resultat.\u00a0<\/p>\n<blockquote><p>Vi lever i ytterst oroliga tider och de l\u00e4nder som arbetskraftsinvandringen s\u00e4rskilt kommer ifr\u00e5n utg\u00f6r en risk.<\/p><\/blockquote>\n<p>Bostadsbristen \u00e4r ett exempel d\u00e4r Sverige redan har stora problem.\u00a0<\/p>\n<p>Det finns studier fr\u00e5n USA som visar att bostadspriserna har skjutit i h\u00f6jden i USA, Storbritannien och Kanada \u2013\u00a0och det g\u00e5r att anta att den kraftiga arbetskraftsinvandringen i dessa l\u00e4nder har bidragit till det genom \u00f6kad efterfr\u00e5gan.<\/p>\n<p>Ett annat problem har med kulturella skillnader att g\u00f6ra.<\/p>\n<p>Garrett Jones, ekonom och professor med fokus p\u00e5 migration, varnar i sin bok \u201dCulture transplant\u201d att assimilation i viss utstr\u00e4ckning \u00e4r en myt och att kulturella influenser fr\u00e5n ursprungsl\u00e4nderna \u00e4r betydande och l\u00e5ngvariga.\u00a0<\/p>\n<p>Man m\u00e5ste ha klart f\u00f6r sig att v\u00e4rderingsm\u00e4ssigt \u00e4r Sverige lite av ett unikum (\u00e4ven bland v\u00e4stl\u00e4nder). I j\u00e4mf\u00f6relse med \u00f6vriga v\u00e4rlden sticker vi ut i v\u00e5r syn p\u00e5 till exempel tillit och korruption.\u00a0<\/p>\n<p>Kulturell homogenitet<\/p>\n<p>Sveriges v\u00e4lf\u00e4rdssystem bygger p\u00e5 kulturell homogenitet, speciellt n\u00e4r det kommer till den sociala tilliten. Det inneb\u00e4r att ett stort infl\u00f6de av individer fr\u00e5n l\u00e4nder med helt andra v\u00e4rderingar och beteendem\u00f6nster kommer skapa konflikt. Precis som vi redan sett i kulturkrockarna med personer som kommit hit asylv\u00e4gen.<\/p>\n<p>En annan viktig aspekt \u00e4r s\u00e4kerhetsrisker och nationella intressen. Vi lever i ytterst oroliga tider och de l\u00e4nder som arbetskraftsinvandringen s\u00e4rskilt kommer ifr\u00e5n utg\u00f6r en risk. B\u00e5de Iran och Kina har geopolitiska intressen som \u00e4r i konflikt med v\u00e5ra.\u00a0<\/p>\n<p>Och \u00e4ven om arbetskraftsinvandrare kommer hit och sk\u00f6ter sig s\u00e5 kan resultatet bli negativt f\u00f6r Sverige. Det finns inget som hindrar dessa m\u00e4nniskor fr\u00e5n att \u00e5ka hem eller till n\u00e5got annat land efter n\u00e5gra \u00e5r. Tv\u00e4rtom \u00e4r det ganska vanligt f\u00f6rekommande, <a href=\"https:\/\/faculty.haas.berkeley.edu\/amir\/research\/ReturnMigration.pdf\" rel=\"nofollow noopener\" target=\"_blank\">vilket amerikanska studier visar. <\/a>\u00a0<\/p>\n<p>Annons<\/p>\n<p>38 procent av alla arbetskraftsinvandrare som kommer till ett land l\u00e4mnar inom tio \u00e5r. D\u00e5 tar de med sig sina erfarenheter och sin expertis. \u00a0<\/p>\n<p>Av uppenbara sk\u00e4l \u00e4r det d\u00e4rf\u00f6r b\u00e4ttre att investera tid och resurser i drivna svenska ungdomars utbildningar och karri\u00e4rm\u00f6jligheter. Sverige har en fantastisk talangpool som vi b\u00f6r anv\u00e4nda.\u00a0<\/p>\n<p>Det b\u00e4sta argumentet f\u00f6r h\u00f6gkvalificerad invandring \u00e4r att vi verkligen beh\u00f6ver den kompetensen.\u00a0<\/p>\n<p>Men vi menar att de flesta som argumenterar s\u00e5 bortser helt fr\u00e5n riskerna vi precis n\u00e4mnt.\u00a0<\/p>\n<p>D\u00e4rf\u00f6r menar vi att den h\u00f6gkvalificerade arbetskraftsinvandringen b\u00f6r vara minimal.\u00a0<\/p>\n<p><strong>Av Alexander Cenusa\u00a0<\/strong><\/p>\n<p>ordf\u00f6rande Konservativa f\u00f6rbundet\u00a0<\/p>\n<p><strong>Markus Johansson-Martis<\/strong><\/p>\n<p>fd ordf\u00f6rande, Konservativa f\u00f6rbundet\u00a0<\/p>\n<p><strong>Amanda Meisner \u00a0<\/strong><\/p>\n<p>fd styrelsemedlem och kommunikat\u00f6r Konservativa f\u00f6rbundet<\/p>\n","protected":false},"excerpt":{"rendered":"Publicerad 23 aug 2025 kl 06.00 \u00c4ven om arbetskraftsinvandrare kommer hit och sk\u00f6ter sig s\u00e5 kan resultatet bli&hellip;\n","protected":false},"author":2,"featured_media":11771,"comment_status":"","ping_status":"","sticky":false,"template":"","format":"standard","meta":{"footnotes":""},"categories":[12],"tags":[22,23,26,27,17,21,24,25,28,29,15,16,18,34,31,33,32,30,19,1359,740,20],"class_list":{"0":"post-11770","1":"post","2":"type-post","3":"status-publish","4":"format-standard","5":"has-post-thumbnail","7":"category-sverige","8":"tag-breaking-news","9":"tag-breakingnews","10":"tag-featured-news","11":"tag-featurednews","12":"tag-headlines","13":"tag-huvudnyheter","14":"tag-latest-news","15":"tag-latestnews","16":"tag-main-news","17":"tag-mainnews","18":"tag-news","19":"tag-nyheter","20":"tag-rubriker","21":"tag-se","22":"tag-svenska","23":"tag-sverige","24":"tag-sweden","25":"tag-swedish","26":"tag-top-stories","27":"tag-topic-arbetsmarknad","28":"tag-topic-migration-integration","29":"tag-topstories"},"share_on_mastodon":{"url":"","error":""},"_links":{"self":[{"href":"https:\/\/www.europesays.com\/se\/wp-json\/wp\/v2\/posts\/11770","targetHints":{"allow":["GET"]}}],"collection":[{"href":"https:\/\/www.europesays.com\/se\/wp-json\/wp\/v2\/posts"}],"about":[{"href":"https:\/\/www.europesays.com\/se\/wp-json\/wp\/v2\/types\/post"}],"author":[{"embeddable":true,"href":"https:\/\/www.europesays.com\/se\/wp-json\/wp\/v2\/users\/2"}],"replies":[{"embeddable":true,"href":"https:\/\/www.europesays.com\/se\/wp-json\/wp\/v2\/comments?post=11770"}],"version-history":[{"count":0,"href":"https:\/\/www.europesays.com\/se\/wp-json\/wp\/v2\/posts\/11770\/revisions"}],"wp:featuredmedia":[{"embeddable":true,"href":"https:\/\/www.europesays.com\/se\/wp-json\/wp\/v2\/media\/11771"}],"wp:attachment":[{"href":"https:\/\/www.europesays.com\/se\/wp-json\/wp\/v2\/media?parent=11770"}],"wp:term":[{"taxonomy":"category","embeddable":true,"href":"https:\/\/www.europesays.com\/se\/wp-json\/wp\/v2\/categories?post=11770"},{"taxonomy":"post_tag","embeddable":true,"href":"https:\/\/www.europesays.com\/se\/wp-json\/wp\/v2\/tags?post=11770"}],"curies":[{"name":"wp","href":"https:\/\/api.w.org\/{rel}","templated":true}]}}