{"id":117700,"date":"2025-12-26T17:26:33","date_gmt":"2025-12-26T17:26:33","guid":{"rendered":"https:\/\/www.europesays.com\/se\/117700\/"},"modified":"2025-12-26T17:26:33","modified_gmt":"2025-12-26T17:26:33","slug":"bil-krockade-med-trad-pa-vag-950-mjolby","status":"publish","type":"post","link":"https:\/\/www.europesays.com\/se\/117700\/","title":{"rendered":"Bil krockade med tr\u00e4d p\u00e5 v\u00e4g 950 Mj\u00f6lby"},"content":{"rendered":"<p>Klockan 14.46 larmades SOS om en singelolycka p\u00e5 v\u00e4g 950 i n\u00e4rheten av Bj\u00e4lbo, Mj\u00f6lby kommun.Enligt r\u00e4ddningstj\u00e4nsten hade en bilist k\u00f6rt av v\u00e4gen och krockat med ett tr\u00e4d. F\u00f6raren tog sig ur bilen och rapporterade att det \u00e4r mycket halt p\u00e5 platsen.Olyckan hade liten, om ens n\u00e5gon, p\u00e5verkan p\u00e5 \u00f6vrig trafik, enligt Trafikverket.Ambulansens sjukv\u00e5rdsledare meddelade att<\/p>\n","protected":false},"excerpt":{"rendered":"Klockan 14.46 larmades SOS om en singelolycka p\u00e5 v\u00e4g 950 i n\u00e4rheten av Bj\u00e4lbo, Mj\u00f6lby kommun.Enligt r\u00e4ddningstj\u00e4nsten hade&hellip;\n","protected":false},"author":2,"featured_media":15462,"comment_status":"","ping_status":"","sticky":false,"template":"","format":"standard","meta":{"footnotes":""},"categories":[65],"tags":[72,70,71,34,31,33,32,30],"class_list":{"0":"post-117700","1":"post","2":"type-post","3":"status-publish","4":"format-standard","5":"has-post-thumbnail","7":"category-ekonomi","8":"tag-business","9":"tag-economy","10":"tag-ekonomi","11":"tag-se","12":"tag-svenska","13":"tag-sverige","14":"tag-sweden","15":"tag-swedish"},"share_on_mastodon":{"url":"https:\/\/pubeurope.com\/@se\/115787044197943705","error":""},"_links":{"self":[{"href":"https:\/\/www.europesays.com\/se\/wp-json\/wp\/v2\/posts\/117700","targetHints":{"allow":["GET"]}}],"collection":[{"href":"https:\/\/www.europesays.com\/se\/wp-json\/wp\/v2\/posts"}],"about":[{"href":"https:\/\/www.europesays.com\/se\/wp-json\/wp\/v2\/types\/post"}],"author":[{"embeddable":true,"href":"https:\/\/www.europesays.com\/se\/wp-json\/wp\/v2\/users\/2"}],"replies":[{"embeddable":true,"href":"https:\/\/www.europesays.com\/se\/wp-json\/wp\/v2\/comments?post=117700"}],"version-history":[{"count":0,"href":"https:\/\/www.europesays.com\/se\/wp-json\/wp\/v2\/posts\/117700\/revisions"}],"wp:featuredmedia":[{"embeddable":true,"href":"https:\/\/www.europesays.com\/se\/wp-json\/wp\/v2\/media\/15462"}],"wp:attachment":[{"href":"https:\/\/www.europesays.com\/se\/wp-json\/wp\/v2\/media?parent=117700"}],"wp:term":[{"taxonomy":"category","embeddable":true,"href":"https:\/\/www.europesays.com\/se\/wp-json\/wp\/v2\/categories?post=117700"},{"taxonomy":"post_tag","embeddable":true,"href":"https:\/\/www.europesays.com\/se\/wp-json\/wp\/v2\/tags?post=117700"}],"curies":[{"name":"wp","href":"https:\/\/api.w.org\/{rel}","templated":true}]}}