{"id":117704,"date":"2025-12-26T17:34:42","date_gmt":"2025-12-26T17:34:42","guid":{"rendered":"https:\/\/www.europesays.com\/se\/117704\/"},"modified":"2025-12-26T17:34:42","modified_gmt":"2025-12-26T17:34:42","slug":"negativt-resultat-for-stage-fantasy-production-ab-for-tredje-aret-i-rad","status":"publish","type":"post","link":"https:\/\/www.europesays.com\/se\/117704\/","title":{"rendered":"Negativt resultat f\u00f6r Stage Fantasy Production AB \u2013 f\u00f6r tredje \u00e5ret i rad"},"content":{"rendered":"<p>\u00c5rsredovisningen \u00e4r nu offentlig. Verksamheten hade omkring 13,5 miljoner kronor i oms\u00e4ttning, en \u00f6kning p\u00e5 23,9 procent j\u00e4mf\u00f6rt med f\u00f6reg\u00e5ende period. Resultatet f\u00f6re skatt \u00e4r cirka 750 000 kronor. Det \u00e4r en \u00f6kning med knappt 1,2 miljoner kronor.<\/p>\n<p>R\u00f6relseresultatet hamnade p\u00e5 ungef\u00e4r minus 650 000 kronor.<\/p>\n<p>Underskottet g\u00f6r att r\u00f6relsemarginalen blir negativ, minus 4,7 procent. Det \u00e4r l\u00e4gre \u00e4n f\u00f6reg\u00e5ende period, d\u00e5 r\u00f6relsemarginalen var minus 3,6 procent.<\/p>\n<p>Enligt de senaste siffrorna fr\u00e5n SCB, ligger den genomsnittliga r\u00f6relsemarginalen f\u00f6r svenska f\u00f6retag p\u00e5 7,3 procent. Inom branschen f\u00f6r konstn\u00e4rlig och kulturell verksamhet samt underh\u00e5llningsverksamhet ligger det motsvarande genomsnittet p\u00e5 15,4 procent. Noteras ska att f\u00f6retaget \u00e4r ett av tv\u00e5 i koncernen och att varje f\u00f6retags resultat officiellt rapporteras f\u00f6r sig. Moderbolag \u00e4r Falkenbergs Kulinariska AB.<\/p>\n<p>Stage Fantasy Production i korthet<\/p>\n<p>Stage Fantasy Production grundades 2010, och har sitt kontor i Falkenbergs kommun. Bolagets huvudbransch \u00e4r konstn\u00e4rlig och kulturell verksamhet samt underh\u00e5llningsverksamhet. F\u00f6retaget \u00e4r ett av tv\u00e5 i koncernen d\u00e4r Falkenbergs Kulinariska AB \u00e4r moderbolag. F\u00f6retaget har en redovisningsperiod som l\u00f6per fr\u00e5n maj till april.<\/p>\n<p>F\u00f6retaget har fem anst\u00e4llda, enligt \u00e5rsredovisningen, vilket \u00e4r tv\u00e5 f\u00e4rre \u00e4n f\u00f6reg\u00e5ende redovisnings\u00e5r.<\/p>\n<p>\u00c4garen, Falkenbergs Kulinariska AB, tog inte ut n\u00e5gon utdelning under f\u00f6rra \u00e5ret.<\/p>\n<p>Branschens ledande f\u00f6retag<\/p>\n<p>Stage Fantasy Production har den sjunde h\u00f6gsta oms\u00e4ttningen i Halland i sin specifika bransch, som \u00e4r annan st\u00f6dverksamhet avseende konstn\u00e4rligt skapande och scenkonst.<\/p>\n<p>Det finns elva f\u00f6retag i samma bransch i Halland.<\/p>\n<p>H\u00e4r nedan syns en \u00f6versikt \u00f6ver topplistan i den nuvarande branschen, sorterad enligt oms\u00e4ttning. Data h\u00e4mtas fr\u00e5n den senaste registrerade \u00e5rsredovisningen och kommer att uppdateras i takt med att nya \u00e5rsredovisningar mottas.<\/p>\n<p>F\u00f6retaget \u00e4r ocks\u00e5 nummer 108 i landet.<\/p>\n<p><img alt=\"\" loading=\"lazy\" width=\"1920\" height=\"1200\" decoding=\"async\" data-nimg=\"1\" style=\"color:transparent;max-width:100%;width:100%\"   src=\"https:\/\/www.europesays.com\/se\/wp-content\/uploads\/2025\/12\/1rEAOfyYxK5466H7cE6Xok5N7Krc-REGULAR.jpg\"\/><\/p>\n<p>Automatisk text \u2013 f\u00f6retagsfakta<\/p>\n","protected":false},"excerpt":{"rendered":"\u00c5rsredovisningen \u00e4r nu offentlig. Verksamheten hade omkring 13,5 miljoner kronor i oms\u00e4ttning, en \u00f6kning p\u00e5 23,9 procent j\u00e4mf\u00f6rt&hellip;\n","protected":false},"author":2,"featured_media":117705,"comment_status":"","ping_status":"","sticky":false,"template":"","format":"standard","meta":{"footnotes":""},"categories":[65],"tags":[72,70,71,34,31,33,32,30],"class_list":{"0":"post-117704","1":"post","2":"type-post","3":"status-publish","4":"format-standard","5":"has-post-thumbnail","7":"category-ekonomi","8":"tag-business","9":"tag-economy","10":"tag-ekonomi","11":"tag-se","12":"tag-svenska","13":"tag-sverige","14":"tag-sweden","15":"tag-swedish"},"share_on_mastodon":{"url":"https:\/\/pubeurope.com\/@se\/115787075983171490","error":""},"_links":{"self":[{"href":"https:\/\/www.europesays.com\/se\/wp-json\/wp\/v2\/posts\/117704","targetHints":{"allow":["GET"]}}],"collection":[{"href":"https:\/\/www.europesays.com\/se\/wp-json\/wp\/v2\/posts"}],"about":[{"href":"https:\/\/www.europesays.com\/se\/wp-json\/wp\/v2\/types\/post"}],"author":[{"embeddable":true,"href":"https:\/\/www.europesays.com\/se\/wp-json\/wp\/v2\/users\/2"}],"replies":[{"embeddable":true,"href":"https:\/\/www.europesays.com\/se\/wp-json\/wp\/v2\/comments?post=117704"}],"version-history":[{"count":0,"href":"https:\/\/www.europesays.com\/se\/wp-json\/wp\/v2\/posts\/117704\/revisions"}],"wp:featuredmedia":[{"embeddable":true,"href":"https:\/\/www.europesays.com\/se\/wp-json\/wp\/v2\/media\/117705"}],"wp:attachment":[{"href":"https:\/\/www.europesays.com\/se\/wp-json\/wp\/v2\/media?parent=117704"}],"wp:term":[{"taxonomy":"category","embeddable":true,"href":"https:\/\/www.europesays.com\/se\/wp-json\/wp\/v2\/categories?post=117704"},{"taxonomy":"post_tag","embeddable":true,"href":"https:\/\/www.europesays.com\/se\/wp-json\/wp\/v2\/tags?post=117704"}],"curies":[{"name":"wp","href":"https:\/\/api.w.org\/{rel}","templated":true}]}}