{"id":117710,"date":"2025-12-26T17:40:10","date_gmt":"2025-12-26T17:40:10","guid":{"rendered":"https:\/\/www.europesays.com\/se\/117710\/"},"modified":"2025-12-26T17:40:10","modified_gmt":"2025-12-26T17:40:10","slug":"robert-gustafsson-med-en-sista-rickardsson-imitation-kommer-knipa-kaft-motor","status":"publish","type":"post","link":"https:\/\/www.europesays.com\/se\/117710\/","title":{"rendered":"Robert Gustafsson med en sista Rickardsson-imitation: \u201dKommer knipa k\u00e4ft\u201d | Motor"},"content":{"rendered":"<p>Publicerad 26 dec 2025 kl 18.00Uppdaterad kl 18.23<\/p>\n<p>Efter l\u00f6ftet till Tony Rickardsson, 55. Nu har Robert Gustafsson, 61, gjort imitationen f\u00f6r sista g\u00e5ngen.<\/p>\n<p>N\u00e4r Gustafsson g\u00e4star SVT:s talkshow Carina Bergfeldt begraver han karakt\u00e4ren.<\/p>\n<p>\u2013 Fr\u00e5ga mig nu svenska folket s\u00e5 kommer jag knipa k\u00e4ft, s\u00e4ger han.<\/p>\n<p><img loading=\"lazy\"   alt=\"\"\/> <\/p>\n<p>Foto: MAGNUS LEJHALL<\/p>\n<p>\u00d6ppna bild i helsk\u00e4rm<img loading=\"lazy\"   alt=\"\"\/> <\/p>\n<p>Foto: MAGNUS LEJHALL<\/p>\n<p>\u00d6ppna bild i helsk\u00e4rm<img loading=\"lazy\"   alt=\"\"\/> <\/p>\n<p>Foto: ERIK SIMANDER \/ BILDBYR\u00c5N<\/p>\n<p>\u00d6ppna bild i helsk\u00e4rm<\/p>\n<p>P\u00e5 Idrottsgalan 2003 f\u00f6ddes en av de allra mest klassiska imitationerna i 2000-talets Sverige. N\u00e4mligen den n\u00e4r komikern Robert Gustafsson imiterar speedwayikonen Tony Rickardsson.\u00a0<\/p>\n<p>I b\u00f6rjan av december <a href=\"https:\/\/www.expressen.se\/sport\/motor\/tony-rickardsson-om-robert-gustafssons-imitation-bett-honom-att-sluta\/\" rel=\"nofollow noopener\" target=\"_blank\">skrev Expressen<\/a> att Rickardsson, 55, dock tr\u00f6ttnat p\u00e5 Gustafssons imitation av honom. S\u00e5 pass att han f\u00e5tt Gustafsson att lova att sluta g\u00f6ra den.<\/p>\n<p>\u2013 Jag tycker det \u00e4r ett karakt\u00e4rsmord p\u00e5 mig, sade Rickardsson d\u00e5.<\/p>\n<p>Gustafson bekr\u00e4ftade d\u00e5 ocks\u00e5, i ett sms till Expressen, att han lagt imitationen p\u00e5 hyllan.<\/p>\n<p>N\u00e4r Robert Gustafsson, 61, g\u00e4star SVT:s talkshow Carina Bergfeldt bekr\u00e4ftar p\u00e5 nytt att s\u00e5 \u00e4r fallet \u2013 och ber\u00e4ttar om samtalet han fick fr\u00e5n Rickardsson.<\/p>\n<p>\u2013 Han ringde vid ett tillf\u00e4lle och jag f\u00f6rstod direkt vad det handlade om. Jag har t\u00e4nkt tanken sj\u00e4lv. \u00d6verl\u00e4gset den mest efterfr\u00e5gade karakt\u00e4ren, s\u00e4ger han i SVT:s Carina Bergfeldt.<\/p>\n<p>\u201dKommer knipa k\u00e4ft\u201d<\/p>\n<p>Men n\u00e4r programledaren Carina Bergfeldt ber om en sista imitation kan komikern inte h\u00e5lla sig.<\/p>\n<p>\u2013 Vad fan \u00e4r det h\u00e4r nu? Ska du sitta och tvinga mig att prata s\u00e5 h\u00e4r s\u00e5 du kan sitta i dina j\u00e4vla plast\u00f6rh\u00e4ngen och hoppas p\u00e5 stora journalistpriset, s\u00e4ger Gustafsson med sin Rickardsson-r\u00f6st.<\/p>\n<p>Och d\u00e4rmed \u00e4r en en av 2000-talets klassiska imitationer lagd p\u00e5 hyllan \u2013 om du fr\u00e5gar huvudpersonerna sj\u00e4lva.<\/p>\n<p>\u2013 Fr\u00e5ga mig nu svenska folket s\u00e5 kommer jag knipa k\u00e4ft! Det var sista g\u00e5ngen.<\/p>\n<p>Carina Bergfeldt sl\u00e4pps p\u00e5 SVT Play i dag, fredag, klockan 17.00 och s\u00e4nds i linj\u00e4r tv p\u00e5 SVT 1 21.00.<\/p>\n","protected":false},"excerpt":{"rendered":"Publicerad 26 dec 2025 kl 18.00Uppdaterad kl 18.23 Efter l\u00f6ftet till Tony Rickardsson, 55. Nu har Robert Gustafsson,&hellip;\n","protected":false},"author":2,"featured_media":117711,"comment_status":"","ping_status":"","sticky":false,"template":"","format":"standard","meta":{"footnotes":""},"categories":[67],"tags":[104,34,562,31,33,32,30,105],"class_list":{"0":"post-117710","1":"post","2":"type-post","3":"status-publish","4":"format-standard","5":"has-post-thumbnail","7":"category-underhallning","8":"tag-entertainment","9":"tag-se","10":"tag-sections-motor","11":"tag-svenska","12":"tag-sverige","13":"tag-sweden","14":"tag-swedish","15":"tag-underhallning"},"share_on_mastodon":{"url":"https:\/\/pubeurope.com\/@se\/115787099192785292","error":""},"_links":{"self":[{"href":"https:\/\/www.europesays.com\/se\/wp-json\/wp\/v2\/posts\/117710","targetHints":{"allow":["GET"]}}],"collection":[{"href":"https:\/\/www.europesays.com\/se\/wp-json\/wp\/v2\/posts"}],"about":[{"href":"https:\/\/www.europesays.com\/se\/wp-json\/wp\/v2\/types\/post"}],"author":[{"embeddable":true,"href":"https:\/\/www.europesays.com\/se\/wp-json\/wp\/v2\/users\/2"}],"replies":[{"embeddable":true,"href":"https:\/\/www.europesays.com\/se\/wp-json\/wp\/v2\/comments?post=117710"}],"version-history":[{"count":0,"href":"https:\/\/www.europesays.com\/se\/wp-json\/wp\/v2\/posts\/117710\/revisions"}],"wp:featuredmedia":[{"embeddable":true,"href":"https:\/\/www.europesays.com\/se\/wp-json\/wp\/v2\/media\/117711"}],"wp:attachment":[{"href":"https:\/\/www.europesays.com\/se\/wp-json\/wp\/v2\/media?parent=117710"}],"wp:term":[{"taxonomy":"category","embeddable":true,"href":"https:\/\/www.europesays.com\/se\/wp-json\/wp\/v2\/categories?post=117710"},{"taxonomy":"post_tag","embeddable":true,"href":"https:\/\/www.europesays.com\/se\/wp-json\/wp\/v2\/tags?post=117710"}],"curies":[{"name":"wp","href":"https:\/\/api.w.org\/{rel}","templated":true}]}}