{"id":117712,"date":"2025-12-26T17:46:10","date_gmt":"2025-12-26T17:46:10","guid":{"rendered":"https:\/\/www.europesays.com\/se\/117712\/"},"modified":"2025-12-26T17:46:10","modified_gmt":"2025-12-26T17:46:10","slug":"orange-vindvarning-i-halva-landet","status":"publish","type":"post","link":"https:\/\/www.europesays.com\/se\/117712\/","title":{"rendered":"Orange vindvarning i halva landet"},"content":{"rendered":"<p>Stormen Johannes drar in v\u00e4sterifr\u00e5n p\u00e5 l\u00f6rdagen. SMHI har utf\u00e4rdat en orange varning f\u00f6r stora delar av norra och mellersta Sverige. <\/p>\n<p>\u2013 Det blir rej\u00e4lt bl\u00e5sigt, s\u00e4ger meteorolog Deana Bajic som varnar f\u00f6r att ge sig ut i trafiken. <\/p>\n<p>Varningen g\u00e4ller fr\u00e5n Upplandskusten och norra Dalarna till nordligaste Lappland. I mellersta Svealand, \u00f6stra Norrbottens l\u00e4n och ett h\u00f6rn av V\u00e4sterbotten \u00e4r gul varning utf\u00e4rdad. <\/p>\n<p>V\u00e4stra och norra Gotland ber\u00f6rs ocks\u00e5. F\u00e5r\u00f6 och F\u00e5r\u00f6sund har orange varning.<\/p>\n","protected":false},"excerpt":{"rendered":"Stormen Johannes drar in v\u00e4sterifr\u00e5n p\u00e5 l\u00f6rdagen. SMHI har utf\u00e4rdat en orange varning f\u00f6r stora delar av norra&hellip;\n","protected":false},"author":2,"featured_media":793,"comment_status":"","ping_status":"","sticky":false,"template":"","format":"standard","meta":{"footnotes":""},"categories":[12],"tags":[22,23,26,27,17,21,24,25,28,29,15,16,18,34,31,33,32,30,19,20],"class_list":{"0":"post-117712","1":"post","2":"type-post","3":"status-publish","4":"format-standard","5":"has-post-thumbnail","7":"category-sverige","8":"tag-breaking-news","9":"tag-breakingnews","10":"tag-featured-news","11":"tag-featurednews","12":"tag-headlines","13":"tag-huvudnyheter","14":"tag-latest-news","15":"tag-latestnews","16":"tag-main-news","17":"tag-mainnews","18":"tag-news","19":"tag-nyheter","20":"tag-rubriker","21":"tag-se","22":"tag-svenska","23":"tag-sverige","24":"tag-sweden","25":"tag-swedish","26":"tag-top-stories","27":"tag-topstories"},"share_on_mastodon":{"url":"https:\/\/pubeurope.com\/@se\/115787122882594709","error":""},"_links":{"self":[{"href":"https:\/\/www.europesays.com\/se\/wp-json\/wp\/v2\/posts\/117712","targetHints":{"allow":["GET"]}}],"collection":[{"href":"https:\/\/www.europesays.com\/se\/wp-json\/wp\/v2\/posts"}],"about":[{"href":"https:\/\/www.europesays.com\/se\/wp-json\/wp\/v2\/types\/post"}],"author":[{"embeddable":true,"href":"https:\/\/www.europesays.com\/se\/wp-json\/wp\/v2\/users\/2"}],"replies":[{"embeddable":true,"href":"https:\/\/www.europesays.com\/se\/wp-json\/wp\/v2\/comments?post=117712"}],"version-history":[{"count":0,"href":"https:\/\/www.europesays.com\/se\/wp-json\/wp\/v2\/posts\/117712\/revisions"}],"wp:featuredmedia":[{"embeddable":true,"href":"https:\/\/www.europesays.com\/se\/wp-json\/wp\/v2\/media\/793"}],"wp:attachment":[{"href":"https:\/\/www.europesays.com\/se\/wp-json\/wp\/v2\/media?parent=117712"}],"wp:term":[{"taxonomy":"category","embeddable":true,"href":"https:\/\/www.europesays.com\/se\/wp-json\/wp\/v2\/categories?post=117712"},{"taxonomy":"post_tag","embeddable":true,"href":"https:\/\/www.europesays.com\/se\/wp-json\/wp\/v2\/tags?post=117712"}],"curies":[{"name":"wp","href":"https:\/\/api.w.org\/{rel}","templated":true}]}}