{"id":117713,"date":"2025-12-26T17:47:27","date_gmt":"2025-12-26T17:47:27","guid":{"rendered":"https:\/\/www.europesays.com\/se\/117713\/"},"modified":"2025-12-26T17:47:27","modified_gmt":"2025-12-26T17:47:27","slug":"klart-orebro-plockar-in-kusu-superettan","status":"publish","type":"post","link":"https:\/\/www.europesays.com\/se\/117713\/","title":{"rendered":"Klart: \u00d6rebro plockar in Kusu &#8211; Superettan"},"content":{"rendered":"<p>Under juldagen presenterade \u00d6rebro SK en ny huvudtr\u00e4nare i form av Rikard Norling. <\/p>\n<p>P\u00e5 annandagen g\u00f6r \u00d6SK klart med en spelarf\u00f6rst\u00e4rkning fr\u00e5n de regerande svenska m\u00e4starna.<\/p>\n<p>Manasse Kusu \u00e4r klar f\u00f6r N\u00e4rke-klubben. Mittf\u00e4ltaren l\u00e5nas in \u00f6ver den kommande s\u00e4songen. Dessutom erh\u00e5ller \u00d6rebro en option p\u00e5 option om en permanent \u00f6verg\u00e5ng.<\/p>\n<p>Kusu spenderade den g\u00e5ngna s\u00e4songen p\u00e5 l\u00e5n i finska Jaro d\u00e4r han noterades f\u00f6r 24 framtr\u00e4danden. Tidigare har mittf\u00e4ltaren tillh\u00f6rt \u00d6sters IF samt IFK Norrk\u00f6ping.<\/p>\n<p>\u00d6rebros sportchef Enes Ahmetovic kommenterar v\u00e4rvningen av Kusu i ett uttalande:<\/p>\n<p>&#8211; I Manasse f\u00e5r vi in en vinnarskalle i omkl\u00e4dningsrummet och p\u00e5 planen. Han har genom \u00e5ren visat sig vara en mittf\u00e4ltsgeneral i superettan och med en utlandserfarenhet i Finland har han f\u00e5tt mogna \u00e4nnu mer som spelare och person. Vi ser fram emot att f\u00e5 arbeta med honom och f\u00f6lja hans resa h\u00e4r i svartvitt, s\u00e4ger Ahmetovic.<\/p>\n<p>\u00d6rebro spelar i superettan 2025, efter att ha klarat sig kvar via kval i november.<\/p>\n","protected":false},"excerpt":{"rendered":"Under juldagen presenterade \u00d6rebro SK en ny huvudtr\u00e4nare i form av Rikard Norling. P\u00e5 annandagen g\u00f6r \u00d6SK klart&hellip;\n","protected":false},"author":2,"featured_media":117714,"comment_status":"","ping_status":"","sticky":false,"template":"","format":"standard","meta":{"footnotes":""},"categories":[5],"tags":[22,23,26,27,17,21,24,25,28,29,15,16,18,34,31,33,32,30,19,20],"class_list":{"0":"post-117713","1":"post","2":"type-post","3":"status-publish","4":"format-standard","5":"has-post-thumbnail","7":"category-rubriker","8":"tag-breaking-news","9":"tag-breakingnews","10":"tag-featured-news","11":"tag-featurednews","12":"tag-headlines","13":"tag-huvudnyheter","14":"tag-latest-news","15":"tag-latestnews","16":"tag-main-news","17":"tag-mainnews","18":"tag-news","19":"tag-nyheter","20":"tag-rubriker","21":"tag-se","22":"tag-svenska","23":"tag-sverige","24":"tag-sweden","25":"tag-swedish","26":"tag-top-stories","27":"tag-topstories"},"share_on_mastodon":{"url":"https:\/\/pubeurope.com\/@se\/115787126764256744","error":""},"_links":{"self":[{"href":"https:\/\/www.europesays.com\/se\/wp-json\/wp\/v2\/posts\/117713","targetHints":{"allow":["GET"]}}],"collection":[{"href":"https:\/\/www.europesays.com\/se\/wp-json\/wp\/v2\/posts"}],"about":[{"href":"https:\/\/www.europesays.com\/se\/wp-json\/wp\/v2\/types\/post"}],"author":[{"embeddable":true,"href":"https:\/\/www.europesays.com\/se\/wp-json\/wp\/v2\/users\/2"}],"replies":[{"embeddable":true,"href":"https:\/\/www.europesays.com\/se\/wp-json\/wp\/v2\/comments?post=117713"}],"version-history":[{"count":0,"href":"https:\/\/www.europesays.com\/se\/wp-json\/wp\/v2\/posts\/117713\/revisions"}],"wp:featuredmedia":[{"embeddable":true,"href":"https:\/\/www.europesays.com\/se\/wp-json\/wp\/v2\/media\/117714"}],"wp:attachment":[{"href":"https:\/\/www.europesays.com\/se\/wp-json\/wp\/v2\/media?parent=117713"}],"wp:term":[{"taxonomy":"category","embeddable":true,"href":"https:\/\/www.europesays.com\/se\/wp-json\/wp\/v2\/categories?post=117713"},{"taxonomy":"post_tag","embeddable":true,"href":"https:\/\/www.europesays.com\/se\/wp-json\/wp\/v2\/tags?post=117713"}],"curies":[{"name":"wp","href":"https:\/\/api.w.org\/{rel}","templated":true}]}}