{"id":117715,"date":"2025-12-26T17:49:13","date_gmt":"2025-12-26T17:49:13","guid":{"rendered":"https:\/\/www.europesays.com\/se\/117715\/"},"modified":"2025-12-26T17:49:13","modified_gmt":"2025-12-26T17:49:13","slug":"forsta-matchen-pa-en-manad-da-glanste-fbk-malvakten-har-mina-trick-nwt","status":"publish","type":"post","link":"https:\/\/www.europesays.com\/se\/117715\/","title":{"rendered":"F\u00f6rsta matchen p\u00e5 en m\u00e5nad \u2013 d\u00e5 gl\u00e4nste FBK-m\u00e5lvakten: \u201dHar mina trick\u201d &#8211; NWT"},"content":{"rendered":"<ol>\n<li><a href=\"https:\/\/news.google.com\/rss\/articles\/CBMipgFBVV95cUxOdmVfalVNejdVWEhzWjNqRGU0S3JVeDd4aFlYTHZaUjRzeXZtb3lMYXlEQjhXZ19rNUpBZ205TWtHbVNxckZuOHZRcW95U1plS1lPZjh3OGV0VXlNZ0lKd3ZKcHB2SVVCcUZoYW1CYmYwNll6dG45cGlsSTNHQjBscTBvSzJJYVBjZHpHdmxWMnBhYXItMHk5R0R5ZHpDdkdweGsxYjl3?oc=5\" target=\"_blank\" rel=\"nofollow noopener\">F\u00f6rsta matchen p\u00e5 en m\u00e5nad \u2013 d\u00e5 gl\u00e4nste FBK-m\u00e5lvakten: \u201dHar mina trick\u201d<\/a>&nbsp;&nbsp;NWT<\/li>\n<li><a href=\"https:\/\/news.google.com\/rss\/articles\/CBMimAFBVV95cUxPd3JUeUxIazROeWdpOXdTS3RtVDhwVU1NNWpZbmZRdzFPTWgxZXE4Q05qMkxtaU96R1RxbzNBY2ZrM05TLS1peTR6REFOOW1JMWdIaHl3MGJoMXZZd2E2cnRKRThvTzI5ekF3VDd5cUpDNENkWXJhN0ZKRkduYVM0cUt6UlJGZi1lR1JLTlQycUlwcFZzanprQQ?oc=5\" target=\"_blank\" rel=\"nofollow noopener\">Steen matchvinnare direkt i comebacken<\/a>&nbsp;&nbsp;Aftonbladet<\/li>\n<li><a href=\"https:\/\/news.google.com\/rss\/articles\/CBMilgFBVV95cUxNTUhYcng5V1hpVTJyclZvTXZaX05iSnlveDkyM3pIdFJBa0Zqd0VqMWZkR3dZVk5xc2p1dm9qbEVZYmtmbmhUcW5yX0dhZVBzSXF0eWZhYjJlaWFfRFNBQU44RFNKSkQzVmdsNE90aVFob1ZvTDB3RXZPT2gxb3IzaDRocjFhaEpWekluazNHSFRjTkZCR3c?oc=5\" target=\"_blank\" rel=\"nofollow noopener\">Straffdrama avgjorde LHC-rysaren \u2013 s\u00e5 tyckte ni om matchen<\/a>&nbsp;&nbsp;Corren<\/li>\n<li><a href=\"https:\/\/news.google.com\/rss\/articles\/CBMirAFBVV95cUxObnViNVQ3VHRfZUl3NEZjZHpwRjRvc1EyakZRS3FpeVFvRnd3dlU2STRwQmNROTZqSmZtZ21oMm1WdWU2TFZhVGIxa1FZVkI3S09ibkRFUlRuNnUxSnh0ME1KZm1laF9zQUJFRm1MX0ZwSnJSeF9KTWZmV0MwYWxsR3N0aXpSSE92ZFJUdHpmTnpfUzBVZEVUWFQweGlRMkVvV3dnQ2VVU1QyRXlp?oc=5\" target=\"_blank\" rel=\"nofollow noopener\">Vinst f\u00f6r F\u00e4rjestad trots krampaktig insats: \u201dGav laget chansen till seger\u201d<\/a>&nbsp;&nbsp;VF<\/li>\n<li><a href=\"https:\/\/news.google.com\/rss\/articles\/CBMipwFBVV95cUxNNEpTVGRWLU41UHpkUzVRa1BWV0J5NndBVGw4c1FVYnB0dEVuSXl4UFZBbGpWNGFFYU14NmZtYm91MTFfblB3UjRTeUJxLWRTZVBJNHB1U3FvYldCTnBob2V2VVBtMTBPRWJUcFJBdENyLWhZVlNuZmJoMXUwUUdYN0JES0VTbmtjWTg4cmVadWlCTWJ5d0xzNVpodUtvc01rRWU2MUEwMA?oc=5\" target=\"_blank\" rel=\"nofollow noopener\">Lapp p\u00e5 luckan \u2013 8250 laddar f\u00f6r annandagshockey: \u201dSkapar extra k\u00e4nslor\u201d<\/a>&nbsp;&nbsp;NWT<\/li>\n<\/ol>\n","protected":false},"excerpt":{"rendered":"F\u00f6rsta matchen p\u00e5 en m\u00e5nad \u2013 d\u00e5 gl\u00e4nste FBK-m\u00e5lvakten: \u201dHar mina trick\u201d&nbsp;&nbsp;NWT Steen matchvinnare direkt i comebacken&nbsp;&nbsp;Aftonbladet Straffdrama&hellip;\n","protected":false},"author":2,"featured_media":117716,"comment_status":"","ping_status":"","sticky":false,"template":"","format":"standard","meta":{"footnotes":""},"categories":[68],"tags":[34,111,110,31,33,32,30],"class_list":{"0":"post-117715","1":"post","2":"type-post","3":"status-publish","4":"format-standard","5":"has-post-thumbnail","7":"category-sport","8":"tag-se","9":"tag-sport","10":"tag-sports","11":"tag-svenska","12":"tag-sverige","13":"tag-sweden","14":"tag-swedish"},"share_on_mastodon":{"url":"https:\/\/pubeurope.com\/@se\/115787134672998944","error":""},"_links":{"self":[{"href":"https:\/\/www.europesays.com\/se\/wp-json\/wp\/v2\/posts\/117715","targetHints":{"allow":["GET"]}}],"collection":[{"href":"https:\/\/www.europesays.com\/se\/wp-json\/wp\/v2\/posts"}],"about":[{"href":"https:\/\/www.europesays.com\/se\/wp-json\/wp\/v2\/types\/post"}],"author":[{"embeddable":true,"href":"https:\/\/www.europesays.com\/se\/wp-json\/wp\/v2\/users\/2"}],"replies":[{"embeddable":true,"href":"https:\/\/www.europesays.com\/se\/wp-json\/wp\/v2\/comments?post=117715"}],"version-history":[{"count":0,"href":"https:\/\/www.europesays.com\/se\/wp-json\/wp\/v2\/posts\/117715\/revisions"}],"wp:featuredmedia":[{"embeddable":true,"href":"https:\/\/www.europesays.com\/se\/wp-json\/wp\/v2\/media\/117716"}],"wp:attachment":[{"href":"https:\/\/www.europesays.com\/se\/wp-json\/wp\/v2\/media?parent=117715"}],"wp:term":[{"taxonomy":"category","embeddable":true,"href":"https:\/\/www.europesays.com\/se\/wp-json\/wp\/v2\/categories?post=117715"},{"taxonomy":"post_tag","embeddable":true,"href":"https:\/\/www.europesays.com\/se\/wp-json\/wp\/v2\/tags?post=117715"}],"curies":[{"name":"wp","href":"https:\/\/api.w.org\/{rel}","templated":true}]}}