{"id":117719,"date":"2025-12-26T17:53:11","date_gmt":"2025-12-26T17:53:11","guid":{"rendered":"https:\/\/www.europesays.com\/se\/117719\/"},"modified":"2025-12-26T17:53:11","modified_gmt":"2025-12-26T17:53:11","slug":"stor-polisinsats-i-salem","status":"publish","type":"post","link":"https:\/\/www.europesays.com\/se\/117719\/","title":{"rendered":"Stor polisinsats i Salem"},"content":{"rendered":"<p><img decoding=\"async\" class=\"image-asset hyperion-css-n6kkq1\" data-test-tag=\"image-asset\" src=\"https:\/\/www.europesays.com\/se\/wp-content\/uploads\/2025\/12\/1766771590_787_45ab1c47-658b-4c7d-bfe6-463d085cb721\"  alt=\"\"  loading=\"lazy\" fetchpriority=\"auto\" style=\"aspect-ratio:1900 \/ 1900\"\/><img decoding=\"async\" class=\"image-asset hyperion-css-n6kkq1\" data-test-tag=\"image-asset\" src=\"https:\/\/www.europesays.com\/se\/wp-content\/uploads\/2025\/12\/1766771591_543_602ef119-32a3-4a6a-b86e-0ebfdb56a147\"  alt=\"\"  loading=\"lazy\" fetchpriority=\"auto\" style=\"aspect-ratio:1900 \/ 1900\"\/><\/p>\n<p class=\"boxtextgrotesk-root_baa6 hyperion-css-7pajle\">Uppdaterad 18.39 | Publicerad 18.04<\/p>\n<p>share-arrowDela<\/p>\n<p>unsaveSpara<\/p>\n<p>expand-left<\/p>\n<p>helsk\u00e4rm<img decoding=\"async\" class=\"image-asset hyperion-css-u06ts1\" data-test-tag=\"image-asset\" src=\"https:\/\/www.europesays.com\/se\/wp-content\/uploads\/2025\/12\/198673a1-74ca-4eef-ba44-c57e5194282f\"  alt=\"Poliser p\u00e5 plats i omr\u00e5det p\u00e5 fredagskv\u00e4llen. \"  loading=\"eager\" fetchpriority=\"high\" style=\"aspect-ratio:1200 \/ 730\"\/>Poliser p\u00e5 plats i omr\u00e5det p\u00e5 fredagskv\u00e4llen. Foto: Peter Wixtr\u00f6m <\/p>\n<p class=\"hyperion-css-1shl3oz\" data-test-tag=\"lead-text\">Under annandagen har en stor polisinsats dragits ig\u00e5ng i Salem s\u00f6der om Stockholm.<\/p>\n<p class=\"hyperion-css-1shl3oz\" data-test-tag=\"lead-text\">I luften hovrar en helikopter. <\/p>\n<p class=\"hyperion-css-1shl3oz\" data-test-tag=\"lead-text\">P\u00e5 marken s\u00f6ker hundar. <\/p>\n<p class=\"hyperion-css-1v9qo5x\">Insatsen ska ha b\u00f6rjat runt 16.30-tiden, uppger flera l\u00e4sare till Aftonbladet.<\/p>\n<p class=\"hyperion-css-1v9qo5x\">En polishelikopter har snurrat i luften \u00f6ver ett stort omr\u00e5de i <a data-test-tag=\"internal-link\" href=\"https:\/\/www.aftonbladet.se\/tagg\/salem\" class=\"hyperion-css-15jkft9\" rel=\"nofollow noopener\" target=\"\" aria-label=\"Salem\">Salem<\/a> och bort mot S\u00f6dert\u00e4lje. <\/p>\n<p class=\"hyperion-css-1v9qo5x\">Polisen s\u00f6ker ocks\u00e5 i omr\u00e5det med hundar och har sp\u00e4rrat av ett omr\u00e5de med bl\u00e5vita avsp\u00e4rrningsband.<\/p>\n<p class=\"hyperion-css-1v9qo5x\">\u2013 Vi jobbar i omr\u00e5det med utrednings\u00e5tg\u00e4rder som jag tyv\u00e4rr inte kan kommunicera, s\u00e4ger polisens presstalesperson Per Fahlstr\u00f6m.<\/p>\n<p>expand-left<\/p>\n<p>helsk\u00e4rm<img decoding=\"async\" class=\"image-asset hyperion-css-u06ts1\" data-test-tag=\"image-asset\" src=\"https:\/\/www.europesays.com\/se\/wp-content\/uploads\/2025\/12\/f0adc05b-5c63-4d2c-803d-9527adc40671\"  alt=\"\"  loading=\"eager\" fetchpriority=\"high\" style=\"aspect-ratio:1900 \/ 1267\"\/> Foto: Peter Wixtr\u00f6m <\/p>\n<p>expand-left<\/p>\n<p>helsk\u00e4rm<img decoding=\"async\" class=\"image-asset hyperion-css-u06ts1\" data-test-tag=\"image-asset\" src=\"https:\/\/www.europesays.com\/se\/wp-content\/uploads\/2025\/12\/4924b98f-88ba-4acf-bbc0-4ac0e8d0c0e9\"  alt=\"\"  loading=\"eager\" fetchpriority=\"high\" style=\"aspect-ratio:1900 \/ 1267\"\/> Foto: Peter Wixtr\u00f6m <\/p>\n","protected":false},"excerpt":{"rendered":"Uppdaterad 18.39 | Publicerad 18.04 share-arrowDela unsaveSpara expand-left helsk\u00e4rmPoliser p\u00e5 plats i omr\u00e5det p\u00e5 fredagskv\u00e4llen. Foto: Peter Wixtr\u00f6m&hellip;\n","protected":false},"author":2,"featured_media":117720,"comment_status":"","ping_status":"","sticky":false,"template":"","format":"standard","meta":{"footnotes":""},"categories":[14],"tags":[22,23,26,27,17,21,24,25,28,29,15,16,18,34,31,33,32,30,19,20,51,52,53,54],"class_list":{"0":"post-117719","1":"post","2":"type-post","3":"status-publish","4":"format-standard","5":"has-post-thumbnail","7":"category-varlden","8":"tag-breaking-news","9":"tag-breakingnews","10":"tag-featured-news","11":"tag-featurednews","12":"tag-headlines","13":"tag-huvudnyheter","14":"tag-latest-news","15":"tag-latestnews","16":"tag-main-news","17":"tag-mainnews","18":"tag-news","19":"tag-nyheter","20":"tag-rubriker","21":"tag-se","22":"tag-svenska","23":"tag-sverige","24":"tag-sweden","25":"tag-swedish","26":"tag-top-stories","27":"tag-topstories","28":"tag-varlden","29":"tag-world","30":"tag-world-news","31":"tag-worldnews"},"share_on_mastodon":{"url":"https:\/\/pubeurope.com\/@se\/115787150721411349","error":""},"_links":{"self":[{"href":"https:\/\/www.europesays.com\/se\/wp-json\/wp\/v2\/posts\/117719","targetHints":{"allow":["GET"]}}],"collection":[{"href":"https:\/\/www.europesays.com\/se\/wp-json\/wp\/v2\/posts"}],"about":[{"href":"https:\/\/www.europesays.com\/se\/wp-json\/wp\/v2\/types\/post"}],"author":[{"embeddable":true,"href":"https:\/\/www.europesays.com\/se\/wp-json\/wp\/v2\/users\/2"}],"replies":[{"embeddable":true,"href":"https:\/\/www.europesays.com\/se\/wp-json\/wp\/v2\/comments?post=117719"}],"version-history":[{"count":0,"href":"https:\/\/www.europesays.com\/se\/wp-json\/wp\/v2\/posts\/117719\/revisions"}],"wp:featuredmedia":[{"embeddable":true,"href":"https:\/\/www.europesays.com\/se\/wp-json\/wp\/v2\/media\/117720"}],"wp:attachment":[{"href":"https:\/\/www.europesays.com\/se\/wp-json\/wp\/v2\/media?parent=117719"}],"wp:term":[{"taxonomy":"category","embeddable":true,"href":"https:\/\/www.europesays.com\/se\/wp-json\/wp\/v2\/categories?post=117719"},{"taxonomy":"post_tag","embeddable":true,"href":"https:\/\/www.europesays.com\/se\/wp-json\/wp\/v2\/tags?post=117719"}],"curies":[{"name":"wp","href":"https:\/\/api.w.org\/{rel}","templated":true}]}}