{"id":117721,"date":"2025-12-26T17:54:08","date_gmt":"2025-12-26T17:54:08","guid":{"rendered":"https:\/\/www.europesays.com\/se\/117721\/"},"modified":"2025-12-26T17:54:08","modified_gmt":"2025-12-26T17:54:08","slug":"polisen-okar-insatsen-for-att-stoppa-ursparat-nyarsfirande","status":"publish","type":"post","link":"https:\/\/www.europesays.com\/se\/117721\/","title":{"rendered":"Polisen \u00f6kar insatsen f\u00f6r att stoppa ursp\u00e5rat ny\u00e5rsfirande"},"content":{"rendered":"<p>V\u00e4sterviks kommun har inget offentligt fyrverkeri l\u00e4ngre, men det skjuts friskt i centrala V\u00e4stervik \u00e4nd\u00e5. Ulrika Fagerlind ber\u00e4ttar att hon sj\u00e4lv jobbade p\u00e5 Fiskaretorget vid ny\u00e5r f\u00f6r tv\u00e5 \u00e5r sedan och reagerade p\u00e5 vad hon s\u00e5g.\u2013 P\u00e5 just den h\u00e4r platsen, d\u00e4r vi st\u00e5r nu, var det vid tolvslaget v\u00e4ldigt mycket m\u00e4nniskor och man sk\u00f6t raketer och sm\u00e4llare p\u00e5 ett s\u00e4tt som \u00e4r<\/p>\n","protected":false},"excerpt":{"rendered":"V\u00e4sterviks kommun har inget offentligt fyrverkeri l\u00e4ngre, men det skjuts friskt i centrala V\u00e4stervik \u00e4nd\u00e5. Ulrika Fagerlind ber\u00e4ttar&hellip;\n","protected":false},"author":2,"featured_media":117722,"comment_status":"","ping_status":"","sticky":false,"template":"","format":"standard","meta":{"footnotes":""},"categories":[12],"tags":[22,23,26,27,17,21,24,25,28,29,15,16,18,34,31,33,32,30,19,20],"class_list":{"0":"post-117721","1":"post","2":"type-post","3":"status-publish","4":"format-standard","5":"has-post-thumbnail","7":"category-sverige","8":"tag-breaking-news","9":"tag-breakingnews","10":"tag-featured-news","11":"tag-featurednews","12":"tag-headlines","13":"tag-huvudnyheter","14":"tag-latest-news","15":"tag-latestnews","16":"tag-main-news","17":"tag-mainnews","18":"tag-news","19":"tag-nyheter","20":"tag-rubriker","21":"tag-se","22":"tag-svenska","23":"tag-sverige","24":"tag-sweden","25":"tag-swedish","26":"tag-top-stories","27":"tag-topstories"},"share_on_mastodon":{"url":"https:\/\/pubeurope.com\/@se\/115787154273824068","error":""},"_links":{"self":[{"href":"https:\/\/www.europesays.com\/se\/wp-json\/wp\/v2\/posts\/117721","targetHints":{"allow":["GET"]}}],"collection":[{"href":"https:\/\/www.europesays.com\/se\/wp-json\/wp\/v2\/posts"}],"about":[{"href":"https:\/\/www.europesays.com\/se\/wp-json\/wp\/v2\/types\/post"}],"author":[{"embeddable":true,"href":"https:\/\/www.europesays.com\/se\/wp-json\/wp\/v2\/users\/2"}],"replies":[{"embeddable":true,"href":"https:\/\/www.europesays.com\/se\/wp-json\/wp\/v2\/comments?post=117721"}],"version-history":[{"count":0,"href":"https:\/\/www.europesays.com\/se\/wp-json\/wp\/v2\/posts\/117721\/revisions"}],"wp:featuredmedia":[{"embeddable":true,"href":"https:\/\/www.europesays.com\/se\/wp-json\/wp\/v2\/media\/117722"}],"wp:attachment":[{"href":"https:\/\/www.europesays.com\/se\/wp-json\/wp\/v2\/media?parent=117721"}],"wp:term":[{"taxonomy":"category","embeddable":true,"href":"https:\/\/www.europesays.com\/se\/wp-json\/wp\/v2\/categories?post=117721"},{"taxonomy":"post_tag","embeddable":true,"href":"https:\/\/www.europesays.com\/se\/wp-json\/wp\/v2\/tags?post=117721"}],"curies":[{"name":"wp","href":"https:\/\/api.w.org\/{rel}","templated":true}]}}