{"id":117725,"date":"2025-12-26T18:02:10","date_gmt":"2025-12-26T18:02:10","guid":{"rendered":"https:\/\/www.europesays.com\/se\/117725\/"},"modified":"2025-12-26T18:02:10","modified_gmt":"2025-12-26T18:02:10","slug":"trump-vill-stoppa-terrorn-i-nigeria-men-starker-islamisterna","status":"publish","type":"post","link":"https:\/\/www.europesays.com\/se\/117725\/","title":{"rendered":"Trump vill stoppa terrorn i Nigeria men st\u00e4rker islamisterna"},"content":{"rendered":"<p>Detta \u00e4r en kommenterande text. Skribenten svarar f\u00f6r analys och st\u00e4llningstaganden i texten.<\/p>\n<p>Med sedvanligt tonfall meddelade USA:s president Donald Trump p\u00e5 juldagen att amerikanska styrkor hade genomf\u00f6rt en attack mot islamistiska terrorister i norra Nigeria.<\/p>\n<p>\u201dGOD JUL till alla, inklusive de d\u00f6da Terroristerna, av vilka det kommer att bli m\u00e5nga fler om deras slakt p\u00e5 kristna forts\u00e4tter\u201d, skrev Trump <a href=\"https:\/\/truthsocial.com\/@realDonaldTrump\/posts\/115782683955516402\" rel=\"nofollow noopener\" target=\"_blank\">p\u00e5 sin egen plattform Truth Social<\/a>.<\/p>\n<p><strong>Ett mer \u00e5terh\u00e5llsamt<\/strong> pressmeddelande <a href=\"https:\/\/www.africom.mil\/pressrelease\/36158\/us-africa-command-conducts-strike-against-isis-in-nigeria\" rel=\"nofollow noopener\" target=\"_blank\">publicerades av USA:s regionala milit\u00e4rkommando<\/a> Africom som ber\u00e4ttade att attacken riktats mot islamistiska grupper i delstaten Sokoto i Nigerias nordv\u00e4stra h\u00f6rn, och att nigerianska myndigheter varit involverade i planeringen och gett gr\u00f6nt ljus f\u00f6r genomf\u00f6randet. Bilder som sl\u00e4ppts av USA:s f\u00f6rsvarsdepartement visar missiler som avfyras fr\u00e5n ett stridsfartyg, sannolikt fr\u00e5n Beninbukten utanf\u00f6r Nigeria.<\/p>\n<p>Insatsen var inte ov\u00e4ntad. <a href=\"https:\/\/www.theguardian.com\/us-news\/2025\/nov\/01\/trump-nigeria-christian-persecution\" rel=\"nofollow noopener\" target=\"_blank\">I b\u00f6rjan av november anklagade<\/a> Trump Nigerias regering f\u00f6r att vara alltf\u00f6r slapph\u00e4nt n\u00e4r det g\u00e4ller attacker p\u00e5 kristna nigerianer och hotade d\u00e5 att g\u00e5 in milit\u00e4rt i landet. I samband med detta ifr\u00e5gasattes Trumps verklighetsbild av president Bola Tinubu som ocks\u00e5 p\u00e5pekade att regeringen f\u00f6rs\u00f6ker skydda alla nigerianer, oavsett religi\u00f6s tillh\u00f6righet.<\/p>\n<p><strong>Det \u00e4r sant att Tinubu och hans regering<\/strong> inte har lyckats stoppa terroristernas attacker och att s\u00e4kerhetsl\u00e4get har f\u00f6rs\u00e4mrats ytterligare p\u00e5 senare \u00e5r, \u00e4ven om det varit allvarligt i mer \u00e4n 15 \u00e5rs tid. Men i allt \u00f6vrigt har Trump missuppfattat situationen rej\u00e4lt.<\/p>\n<p>          <img decoding=\"async\" class=\"picture__img\" src=\"https:\/\/www.europesays.com\/se\/wp-content\/uploads\/2025\/12\/8407b30b-cfde-4b3e-8157-624bcba792e3.jpeg\"   alt=\"Arkivbild fr\u00e5n staden Kano i norra Nigeria, d\u00e4r islamistgruppen Boko Haram genomf\u00f6rt en rad attacker genom \u00e5ren.\"\/><\/p>\n<p>      Arkivbild fr\u00e5n staden Kano i norra Nigeria, d\u00e4r islamistgruppen Boko Haram genomf\u00f6rt en rad attacker genom \u00e5ren.<\/p>\n<p>      Foto: Erik Esbj\u00f6rnsson<\/p>\n<p>Nigerias befolkning p\u00e5 runt 250 miljoner m\u00e4nniskor \u00e4r delad i tv\u00e5 ungef\u00e4r lika stora delar kristna och muslimer. De kristna bor fr\u00e4mst i s\u00f6der och muslimerna prim\u00e4rt i norr. En stor majoritet av attackerna fr\u00e5n terroristgrupper som Boko Haram har genomf\u00f6rts i det muslimska norr. \u00d6ver 20 000 civila d\u00f6tt i attacker under de senaste fem \u00e5ren, enligt konfliktdatabasen Acled. Det handlar allts\u00e5 om en krigsliknande situation. Om det tidigare varit delstaten Borno i nordost som varit h\u00e5rdast drabbad, \u00e4r det oroande att v\u00e5ldet nu f\u00e5tt f\u00e4ste \u00e4ven i Sokoto i nordv\u00e4st.<\/p>\n<p>Under dessa fem \u00e5r, visar siffrorna fr\u00e5n Acled <a href=\"https:\/\/edition.cnn.com\/2025\/12\/25\/africa\/trump-nigeria-attacks-on-christians-explainer-intl-hnk\" rel=\"nofollow noopener\" target=\"_blank\">som citeras av CNN<\/a>, har 317 d\u00f6dsfall knutits till attacker specifikt mot kristna, medan 417 personer har d\u00f6tt i attacker mot muslimer. I 96 procent av d\u00f6dsfallen g\u00e5r det inte att s\u00e4ga om n\u00e5gon grupp varit en s\u00e4rskild m\u00e5ltavla. Men det \u00e4r k\u00e4nt sedan l\u00e4nge att en \u00f6verv\u00e4ldigande majoritet av offren f\u00f6r v\u00e5ldet \u00e4r muslimer.<\/p>\n<p><strong>Det finns flera f\u00f6rklaringar till varf\u00f6r islamister<\/strong> ger sig p\u00e5 muslimer. Syftet \u00e4r att f\u00e5 regeringen att framst\u00e5 som svag och handlingsf\u00f6rlamad, och i ett andra led f\u00f6rs\u00f6ker grupperna provocera fram h\u00e5rdh\u00e4nta reaktioner fr\u00e5n regeringen vilket drabbar civilbefolkningen dubbelt. I det kaos som uppst\u00e5tt har ekonomisk mis\u00e4r blivit vardag f\u00f6r miljontals nigerianer, vilket g\u00f6r dem l\u00e4ttare att rekrytera f\u00f6r de islamistiska grupperna som ger sken av att st\u00e5 f\u00f6r ordning \u2013 n\u00e4r det i sj\u00e4lva verket \u00e4r de som \u00e4r orsaken till situationen.<\/p>\n<p>          <img decoding=\"async\" class=\"picture__img\" src=\"https:\/\/www.europesays.com\/se\/wp-content\/uploads\/2025\/12\/a97e511e-27a0-4295-a639-25d6d9138b27.jpeg\"   alt=\"Arkivbild av en by som \u00f6delagts i en attack av Boko Haram i delstaten Borno i nord\u00f6stra Nigeria.\"\/><\/p>\n<p>      Arkivbild av en by som \u00f6delagts i en attack av Boko Haram i delstaten Borno i nord\u00f6stra Nigeria.<\/p>\n<p>      Foto: Erik Esbj\u00f6rnsson<\/p>\n<p>I detta hoppl\u00f6sa l\u00e4ge, r\u00e5der i princip konsensus om att det inte g\u00e5r att bek\u00e4mpa den militanta islamismen enbart polisi\u00e4rt och milit\u00e4rt. Man m\u00e5ste bryta rekryteringen till terrorn\u00e4tverken och d\u00e4r \u00e4r det inte s\u00e5 stor skillnad fr\u00e5n g\u00e4ngv\u00e5ldets Sverige. Ungdomar som \u00e4r p\u00e5 v\u00e4g att bli vuxna m\u00e5ste f\u00e5 framtidsutsikter och k\u00e4nna att de har ett syfte. Arbetstillf\u00e4llen m\u00e5ste skapas, b\u00e5de i offentlig och privat sektor, s\u00e5 att det finns mer attraktiva alternativ \u00e4n att g\u00e5 med i terrorgrupperna som erbjuder b\u00e5de status och ekonomisk vinning.<\/p>\n<p><strong>I det avseendet \u00e4r<\/strong> Trump en stor tillg\u00e5ng f\u00f6r islamisterna. I b\u00f6rjan av \u00e5ret slaktade han den amerikanska bist\u00e5ndsmyndigheten USAID, vilket ledde till ett int\u00e4ktsbortfall v\u00e4rt m\u00e5nga miljarder kronor bara f\u00f6r Nigeria. En fj\u00e4rdedel av all bist\u00e5ndsverksamhet som finansierades av amerikanska medel hade lagts ned i slutet av mars. I nord\u00f6stra Nigeria, den del av landet som historiskt varit v\u00e4rst drabbad av terrorn, har FN:s livsmedelsprogram WFP <a href=\"https:\/\/news.fundsforngos.org\/2025\/08\/25\/aid-freeze-by-donor-agencies-deepens-humanitarian-crisis-in-nigeria\/?utm_source=chatgpt.com\" rel=\"nofollow noopener\" target=\"_blank\">tvingats st\u00e4nga h\u00e4lften av alla kliniker<\/a> f\u00f6r bek\u00e4mpning av hungersn\u00f6d.<\/p>\n<p>Bara h\u00e4romdagen visade USA tecken p\u00e5 att vilja backa fr\u00e5n besluten. Man undertecknade d\u00e5 ett <a href=\"https:\/\/www.state.gov\/releases\/office-of-the-spokesperson\/2025\/12\/expanding-faith-based-healthcare-in-nigeria-through-the-america-first-global-health-strategy\" rel=\"nofollow noopener\" target=\"_blank\">nytt avtal om st\u00f6d till h\u00e4lsov\u00e5rd i Nigeria<\/a> \u2013\u00a0men det ska endast kanaliseras till kristna organisationer. Vilket riskerar att skapa ett mer utbrett agg mot kristna, som inte funnits tidigare.<\/p>\n","protected":false},"excerpt":{"rendered":"Detta \u00e4r en kommenterande text. Skribenten svarar f\u00f6r analys och st\u00e4llningstaganden i texten. Med sedvanligt tonfall meddelade USA:s&hellip;\n","protected":false},"author":2,"featured_media":117726,"comment_status":"","ping_status":"","sticky":false,"template":"","format":"standard","meta":{"footnotes":""},"categories":[14],"tags":[22,23,26,27,17,21,24,25,28,29,15,16,18,34,31,33,32,30,19,20,51,52,53,54],"class_list":{"0":"post-117725","1":"post","2":"type-post","3":"status-publish","4":"format-standard","5":"has-post-thumbnail","7":"category-varlden","8":"tag-breaking-news","9":"tag-breakingnews","10":"tag-featured-news","11":"tag-featurednews","12":"tag-headlines","13":"tag-huvudnyheter","14":"tag-latest-news","15":"tag-latestnews","16":"tag-main-news","17":"tag-mainnews","18":"tag-news","19":"tag-nyheter","20":"tag-rubriker","21":"tag-se","22":"tag-svenska","23":"tag-sverige","24":"tag-sweden","25":"tag-swedish","26":"tag-top-stories","27":"tag-topstories","28":"tag-varlden","29":"tag-world","30":"tag-world-news","31":"tag-worldnews"},"share_on_mastodon":{"url":"https:\/\/pubeurope.com\/@se\/115787186034320054","error":""},"_links":{"self":[{"href":"https:\/\/www.europesays.com\/se\/wp-json\/wp\/v2\/posts\/117725","targetHints":{"allow":["GET"]}}],"collection":[{"href":"https:\/\/www.europesays.com\/se\/wp-json\/wp\/v2\/posts"}],"about":[{"href":"https:\/\/www.europesays.com\/se\/wp-json\/wp\/v2\/types\/post"}],"author":[{"embeddable":true,"href":"https:\/\/www.europesays.com\/se\/wp-json\/wp\/v2\/users\/2"}],"replies":[{"embeddable":true,"href":"https:\/\/www.europesays.com\/se\/wp-json\/wp\/v2\/comments?post=117725"}],"version-history":[{"count":0,"href":"https:\/\/www.europesays.com\/se\/wp-json\/wp\/v2\/posts\/117725\/revisions"}],"wp:featuredmedia":[{"embeddable":true,"href":"https:\/\/www.europesays.com\/se\/wp-json\/wp\/v2\/media\/117726"}],"wp:attachment":[{"href":"https:\/\/www.europesays.com\/se\/wp-json\/wp\/v2\/media?parent=117725"}],"wp:term":[{"taxonomy":"category","embeddable":true,"href":"https:\/\/www.europesays.com\/se\/wp-json\/wp\/v2\/categories?post=117725"},{"taxonomy":"post_tag","embeddable":true,"href":"https:\/\/www.europesays.com\/se\/wp-json\/wp\/v2\/tags?post=117725"}],"curies":[{"name":"wp","href":"https:\/\/api.w.org\/{rel}","templated":true}]}}