{"id":117727,"date":"2025-12-26T18:03:16","date_gmt":"2025-12-26T18:03:16","guid":{"rendered":"https:\/\/www.europesays.com\/se\/117727\/"},"modified":"2025-12-26T18:03:16","modified_gmt":"2025-12-26T18:03:16","slug":"mammornas-kamp-i-utsatta-omradet-kan-gora-allt","status":"publish","type":"post","link":"https:\/\/www.europesays.com\/se\/117727\/","title":{"rendered":"Mammornas kamp i utsatta omr\u00e5det: \u201dKan g\u00f6ra allt\u201d"},"content":{"rendered":"<p>Publicerad 26 dec 2025 kl 17.00<\/p>\n<p> Premium I R\u00f6da rummet, mitt i ett av Sveriges utsatta omr\u00e5den, samlas mammorna.<\/p>\n<p>De vita draperierna \u00e4r f\u00f6rdragna s\u00e5 att ingen kan se in.\u00a0<\/p>\n<p>Expressen \u00e4r h\u00e4r f\u00f6r att ber\u00e4tta deras historia.<\/p>\n<p>\u2013 Mina st\u00f6rsta dr\u00f6mmar \u00e4r att mina barn ska f\u00e5 en bra utbildning och leva ett bra liv, s\u00e4ger h\u00f6ggravida Fardowsa Said.<\/p>\n<p><a href=\"https:\/\/static.bonniernews.se\/images\/6c\/46\/6c4619e9adcb48e3a3871314031ad8d7\/16x9\/2560.jpg\" target=\"_blank\" rel=\"noopener noreferrer nofollow\"><img   alt=\"Utanf\u00f6r R\u00f6da rummet. D\u00e4r inne m\u00f6ts mammor i Valsta.\"\/><\/a><\/p>\n<p>Utanf\u00f6r R\u00f6da rummet. D\u00e4r inne m\u00f6ts mammor i Valsta. Foto: LISA HALLGREN<\/p>\n","protected":false},"excerpt":{"rendered":"Publicerad 26 dec 2025 kl 17.00 Premium I R\u00f6da rummet, mitt i ett av Sveriges utsatta omr\u00e5den, samlas&hellip;\n","protected":false},"author":2,"featured_media":117728,"comment_status":"","ping_status":"","sticky":false,"template":"","format":"standard","meta":{"footnotes":""},"categories":[12],"tags":[22,23,26,27,17,21,24,25,28,29,15,16,103,18,34,31,33,32,30,19,534,20],"class_list":{"0":"post-117727","1":"post","2":"type-post","3":"status-publish","4":"format-standard","5":"has-post-thumbnail","7":"category-sverige","8":"tag-breaking-news","9":"tag-breakingnews","10":"tag-featured-news","11":"tag-featurednews","12":"tag-headlines","13":"tag-huvudnyheter","14":"tag-latest-news","15":"tag-latestnews","16":"tag-main-news","17":"tag-mainnews","18":"tag-news","19":"tag-nyheter","20":"tag-premium","21":"tag-rubriker","22":"tag-se","23":"tag-svenska","24":"tag-sverige","25":"tag-sweden","26":"tag-swedish","27":"tag-top-stories","28":"tag-topic-foraldraskap","29":"tag-topstories"},"share_on_mastodon":{"url":"https:\/\/pubeurope.com\/@se\/115787189714836028","error":""},"_links":{"self":[{"href":"https:\/\/www.europesays.com\/se\/wp-json\/wp\/v2\/posts\/117727","targetHints":{"allow":["GET"]}}],"collection":[{"href":"https:\/\/www.europesays.com\/se\/wp-json\/wp\/v2\/posts"}],"about":[{"href":"https:\/\/www.europesays.com\/se\/wp-json\/wp\/v2\/types\/post"}],"author":[{"embeddable":true,"href":"https:\/\/www.europesays.com\/se\/wp-json\/wp\/v2\/users\/2"}],"replies":[{"embeddable":true,"href":"https:\/\/www.europesays.com\/se\/wp-json\/wp\/v2\/comments?post=117727"}],"version-history":[{"count":0,"href":"https:\/\/www.europesays.com\/se\/wp-json\/wp\/v2\/posts\/117727\/revisions"}],"wp:featuredmedia":[{"embeddable":true,"href":"https:\/\/www.europesays.com\/se\/wp-json\/wp\/v2\/media\/117728"}],"wp:attachment":[{"href":"https:\/\/www.europesays.com\/se\/wp-json\/wp\/v2\/media?parent=117727"}],"wp:term":[{"taxonomy":"category","embeddable":true,"href":"https:\/\/www.europesays.com\/se\/wp-json\/wp\/v2\/categories?post=117727"},{"taxonomy":"post_tag","embeddable":true,"href":"https:\/\/www.europesays.com\/se\/wp-json\/wp\/v2\/tags?post=117727"}],"curies":[{"name":"wp","href":"https:\/\/api.w.org\/{rel}","templated":true}]}}