{"id":117729,"date":"2025-12-26T18:06:07","date_gmt":"2025-12-26T18:06:07","guid":{"rendered":"https:\/\/www.europesays.com\/se\/117729\/"},"modified":"2025-12-26T18:06:07","modified_gmt":"2025-12-26T18:06:07","slug":"martin-lundberg-gor-comeback-i-skelleftea-aik","status":"publish","type":"post","link":"https:\/\/www.europesays.com\/se\/117729\/","title":{"rendered":"Martin Lundberg g\u00f6r comeback i Skellefte\u00e5 AIK"},"content":{"rendered":"<p>Publicerad 26 dec 2025 kl 18.45Uppdaterad kl 18.51<\/p>\n<p>Martin Lundberg blev svensk m\u00e4stare i Skellefte\u00e5 2013 och 2014.<\/p>\n<p>Han har \u00e4ven vunnit tre SM-guld med V\u00e4xj\u00f6.<\/p>\n<p>Nu g\u00f6r han comeback i Skellefte\u00e5. Enligt uppgifter till Expressen \u00e4r han muntligt \u00f6verens med klubben om en \u00e5terkomst.<\/p>\n<p><img   alt=\"\"\/> <\/p>\n<p>Foto: OLA WESTERBERG \/ BILDBYR\u00c5N<\/p>\n<p>\u00d6ppna bild i helsk\u00e4rm<img loading=\"lazy\"   alt=\"\"\/> <\/p>\n<p>Foto: JONAS LJUNGDAHL \/ BILDBYR\u00c5N<\/p>\n<p>\u00d6ppna bild i helsk\u00e4rm<\/p>\n<p>35-\u00e5rige Lundberg har inte spelat hockey p\u00e5 hela s\u00e4songen.<\/p>\n<p>Han har jobbat hemma i Skellefte\u00e5, dit familjen flyttade hem efter \u00e5ren i V\u00e4xj\u00f6.<\/p>\n<p>Nu \u00e4r det dags f\u00f6r hockeycomeback, enligt vad Expressen erfar. Lundberg \u00e4r muntligt \u00f6verens med klubben om en \u00e5terkomst, och den ska ske efter \u00e5rsskiftet.<\/p>\n<p>Lundberg blir en perfekt bricka inf\u00f6r avslutningen p\u00e5 s\u00e4songen, d\u00e5 man dessutom tappar Oliver Okuliar och Mikkel Aagaard som ska spela OS med Slovakien och Danmark.<\/p>\n<p>Andra klubbar har f\u00f6rs\u00f6kt v\u00e4rva Lundberg<\/p>\n<p>Enligt Expressens k\u00e4llor har flera andra klubbar f\u00f6rs\u00f6kt locka Lundberg till sig under h\u00f6sten och vintern. B\u00e5de V\u00e4xj\u00f6 och Modo har f\u00f6rs\u00f6kt v\u00e4rva Lundberg. Men han har velat h\u00e5lla sig i Skellefte\u00e5.<\/p>\n<p>Nu blir det <a href=\"https:\/\/www.expressen.se\/tagg\/organization\/skelleftea-aik\/\" class=\"\" rel=\"nofollow noopener\" target=\"_blank\">Skellefte\u00e5 AIK<\/a>, som han vann SM-guld med 2013 och 2014. Han har dessutom vunnit tre SM-guld med V\u00e4xj\u00f6 Lakers.<\/p>\n<p>Lundberg och Skellefte\u00e5 AIK \u00e4r muntligt \u00f6verens om en \u00e5terkomst, och tanken \u00e4r att han ska in i tr\u00e4ning med laget efter ny\u00e5r.<\/p>\n","protected":false},"excerpt":{"rendered":"Publicerad 26 dec 2025 kl 18.45Uppdaterad kl 18.51 Martin Lundberg blev svensk m\u00e4stare i Skellefte\u00e5 2013 och 2014.&hellip;\n","protected":false},"author":2,"featured_media":117730,"comment_status":"","ping_status":"","sticky":false,"template":"","format":"standard","meta":{"footnotes":""},"categories":[68],"tags":[1179,1894,2291,34,255,823,111,110,31,33,32,30],"class_list":{"0":"post-117729","1":"post","2":"type-post","3":"status-publish","4":"format-standard","5":"has-post-thumbnail","7":"category-sport","8":"tag-organization-shl","9":"tag-organization-skelleftea-aik","10":"tag-organization-vaxjo-lakers","11":"tag-se","12":"tag-sections-ishockey","13":"tag-sections-shl","14":"tag-sport","15":"tag-sports","16":"tag-svenska","17":"tag-sverige","18":"tag-sweden","19":"tag-swedish"},"share_on_mastodon":{"url":"https:\/\/pubeurope.com\/@se\/115787201527868906","error":""},"_links":{"self":[{"href":"https:\/\/www.europesays.com\/se\/wp-json\/wp\/v2\/posts\/117729","targetHints":{"allow":["GET"]}}],"collection":[{"href":"https:\/\/www.europesays.com\/se\/wp-json\/wp\/v2\/posts"}],"about":[{"href":"https:\/\/www.europesays.com\/se\/wp-json\/wp\/v2\/types\/post"}],"author":[{"embeddable":true,"href":"https:\/\/www.europesays.com\/se\/wp-json\/wp\/v2\/users\/2"}],"replies":[{"embeddable":true,"href":"https:\/\/www.europesays.com\/se\/wp-json\/wp\/v2\/comments?post=117729"}],"version-history":[{"count":0,"href":"https:\/\/www.europesays.com\/se\/wp-json\/wp\/v2\/posts\/117729\/revisions"}],"wp:featuredmedia":[{"embeddable":true,"href":"https:\/\/www.europesays.com\/se\/wp-json\/wp\/v2\/media\/117730"}],"wp:attachment":[{"href":"https:\/\/www.europesays.com\/se\/wp-json\/wp\/v2\/media?parent=117729"}],"wp:term":[{"taxonomy":"category","embeddable":true,"href":"https:\/\/www.europesays.com\/se\/wp-json\/wp\/v2\/categories?post=117729"},{"taxonomy":"post_tag","embeddable":true,"href":"https:\/\/www.europesays.com\/se\/wp-json\/wp\/v2\/tags?post=117729"}],"curies":[{"name":"wp","href":"https:\/\/api.w.org\/{rel}","templated":true}]}}