{"id":117731,"date":"2025-12-26T18:11:16","date_gmt":"2025-12-26T18:11:16","guid":{"rendered":"https:\/\/www.europesays.com\/se\/117731\/"},"modified":"2025-12-26T18:11:16","modified_gmt":"2025-12-26T18:11:16","slug":"domstolshandlaggare-sveriges-domstolar-2","status":"publish","type":"post","link":"https:\/\/www.europesays.com\/se\/117731\/","title":{"rendered":"Domstolshandl\u00e4ggare &#8211; Sveriges Domstolar"},"content":{"rendered":"<p>Vill du ha ett meningsfullt arbete d\u00e4r varje dag k\u00e4nns som den viktigaste?<\/p>\n<p>Hos oss p\u00e5 f\u00f6rvaltningsr\u00e4tten kan du som domstolshandl\u00e4ggare arbeta p\u00e5 domstolens m\u00e5lkansli, registratur eller arkiv. Dina arbetsuppgifter varierar beroende p\u00e5 vilken funktion du arbetar p\u00e5 och det \u00e4r verksamhetens behov som styr din placering. Arbetsuppgifterna \u00e4r omv\u00e4xlande och sj\u00e4lvst\u00e4ndiga och du utf\u00f6r dem under eget ansvar tillsammans med dina kollegor.<\/p>\n<p>Genom v\u00e5rt arbete st\u00f6ttar vi den demokratiska grunden, och det vi g\u00f6r \u00e4r viktigt \u2013 f\u00f6r din och allas r\u00e4ttss\u00e4kerhet.<\/p>\n<p>M\u00e5lkansli<\/p>\n<p>P\u00e5 m\u00e5lkansliet arbetar du bland annat med post- och e-posthantering, skriftv\u00e4xling i m\u00e5len, kallar parter till f\u00f6rhandlingar samt expediering av domar och beslut.<\/p>\n<p>Registratur<\/p>\n<p>P\u00e5 registraturen arbetar du med post- och e-posthantering, inkorgsgranskning och registrering av inkomna m\u00e5l samt inledande kontroller av dessa.<\/p>\n<p>Arkiv<\/p>\n<p>P\u00e5 arkivet handl\u00e4gger du akter i avgjorda m\u00e5l, s\u00e5som bevakning och registrering av delgivning, \u00f6verklaganden och laga kraft. I arbetet ing\u00e5r \u00e4ven sortering, arkivering och gallring av handlingar samt best\u00e4llningar av allm\u00e4nna handlingar.<\/p>\n<p>Alla funktioner har ocks\u00e5 mycket kontakt med allm\u00e4nhet och parter liksom internt samarbete med domstolens olika avdelningar.<\/p>\n<p>Kvalifikationer<\/p>\n<p>Vi s\u00f6ker dig som har:<\/p>\n<ul>\n<li>Gymnasieutbildning<\/li>\n<li>Mycket goda kunskaper i svenska och engelska i tal och skrift<\/li>\n<li>Erfarenhet av administrativt arbete p\u00e5 f\u00f6rvaltningsdomstol<\/li>\n<\/ul>\n<p>Meriterande<\/p>\n<p>Vi ser det som meriterande om du ut\u00f6ver ovanst\u00e5ende kvalifikationer ocks\u00e5 har:<\/p>\n<ul>\n<li>Eftergymnasial utbildning med juridisk inriktning, till exempel paralegal eller annan utbildning som arbetsgivaren bed\u00f6mer likv\u00e4rdig<\/li>\n<\/ul>\n<p>Personliga egenskaper<\/p>\n<p>Som domstolshandl\u00e4ggare beh\u00f6ver du ha l\u00e4tt f\u00f6r att samarbeta med dina kollegor samtidigt som du sj\u00e4lvst\u00e4ndigt ansvarar f\u00f6r dina egna arbetsuppgifter. Du \u00e4r flexibel i ditt f\u00f6rh\u00e5llningss\u00e4tt och kan m\u00f6ta f\u00f6r\u00e4ndringar i b\u00e5de arbetsuppgifter och arbetstempo. Du besitter en h\u00f6g k\u00e4nsla f\u00f6r service, samtidigt som du \u00e4r strukturerad och v\u00e4rdes\u00e4tter noggrannhet i ditt arbete. Det \u00e4r viktigt att du har gott omd\u00f6me och \u00e4r m\u00e5n om att hanteringen av v\u00e5ra m\u00e5l g\u00e5r r\u00e4tt till.<\/p>\n<p>F\u00f6r att bli aktuell f\u00f6r anst\u00e4llning kr\u00e4vs att du motsvarar h\u00f6gt st\u00e4llda krav g\u00e4llande omd\u00f6me, s\u00e4kerhetsmedvetande och l\u00e4mplighet. Det inneb\u00e4r att du st\u00e5r upp f\u00f6r demokratiska v\u00e4rderingar och den statliga v\u00e4rdegrund som styr Sveriges Domstolars verksamhet. Vi st\u00e4ller krav p\u00e5 att du f\u00f6ljer g\u00e4llande lagar. Vi l\u00e4gger stor vikt vid personliga egenskaper.<\/p>\n<p>\u00d6vrigt<\/p>\n<ul>\n<li>Anst\u00e4llningen avser en tidsbegr\u00e4nsad anst\u00e4llning till och med 2026-09-30<\/li>\n<li>Tilltr\u00e4de sker enligt \u00f6verenskommelse.<\/li>\n<li>Inf\u00f6r anst\u00e4llning kan det bli aktuellt med registerkontroller.<\/li>\n<li>Intervjuer f\u00f6r rollen kommer prelimin\u00e4rt att h\u00e5llas under v. 2-3.<\/li>\n<\/ul>\n<p>Vi erbjuder<\/p>\n<p>V\u00e5rt arbete \u00e4r viktigt f\u00f6r din och allas r\u00e4ttss\u00e4kerhet. D\u00e4rf\u00f6r vill vi erbjuda en bra arbetsmilj\u00f6 och f\u00f6rm\u00e5ner som underl\u00e4ttar f\u00f6r dig b\u00e5de p\u00e5 och utanf\u00f6r arbetet.\u00a0<\/p>\n<p>N\u00e5gra av v\u00e5ra f\u00f6rm\u00e5ner \u00e4r:<\/p>\n<ul>\n<li>Friskv\u00e5rdsbidrag 3000 kr.<\/li>\n<li>En friskv\u00e5rdstimme varje vecka.<\/li>\n<li>M\u00f6jlighet att arbeta hemifr\u00e5n upp till tv\u00e5 dagar\/vecka.<\/li>\n<\/ul>\n<p>L\u00e4s mer om v\u00e5ra \u00f6vriga\u00a0<a href=\"https:\/\/www.domstol.se\/jobba-hos-oss\/att-jobba-i-sveriges-domstolar\/varfor-jobba-hos-oss\/formaner-och-villkor\/\" target=\"_blank\" rel=\"noopener nofollow\">f\u00f6rm\u00e5ner.<\/a><\/p>\n<p>Vi ser fram emot din ans\u00f6kan!<\/p>\n","protected":false},"excerpt":{"rendered":"Vill du ha ett meningsfullt arbete d\u00e4r varje dag k\u00e4nns som den viktigaste? Hos oss p\u00e5 f\u00f6rvaltningsr\u00e4tten kan&hellip;\n","protected":false},"author":2,"featured_media":117732,"comment_status":"","ping_status":"","sticky":false,"template":"","format":"standard","meta":{"footnotes":""},"categories":[12],"tags":[22,23,26,27,17,21,24,25,28,29,15,16,18,34,31,33,32,30,19,20],"class_list":{"0":"post-117731","1":"post","2":"type-post","3":"status-publish","4":"format-standard","5":"has-post-thumbnail","7":"category-sverige","8":"tag-breaking-news","9":"tag-breakingnews","10":"tag-featured-news","11":"tag-featurednews","12":"tag-headlines","13":"tag-huvudnyheter","14":"tag-latest-news","15":"tag-latestnews","16":"tag-main-news","17":"tag-mainnews","18":"tag-news","19":"tag-nyheter","20":"tag-rubriker","21":"tag-se","22":"tag-svenska","23":"tag-sverige","24":"tag-sweden","25":"tag-swedish","26":"tag-top-stories","27":"tag-topstories"},"share_on_mastodon":{"url":"https:\/\/pubeurope.com\/@se\/115787221049329544","error":""},"_links":{"self":[{"href":"https:\/\/www.europesays.com\/se\/wp-json\/wp\/v2\/posts\/117731","targetHints":{"allow":["GET"]}}],"collection":[{"href":"https:\/\/www.europesays.com\/se\/wp-json\/wp\/v2\/posts"}],"about":[{"href":"https:\/\/www.europesays.com\/se\/wp-json\/wp\/v2\/types\/post"}],"author":[{"embeddable":true,"href":"https:\/\/www.europesays.com\/se\/wp-json\/wp\/v2\/users\/2"}],"replies":[{"embeddable":true,"href":"https:\/\/www.europesays.com\/se\/wp-json\/wp\/v2\/comments?post=117731"}],"version-history":[{"count":0,"href":"https:\/\/www.europesays.com\/se\/wp-json\/wp\/v2\/posts\/117731\/revisions"}],"wp:featuredmedia":[{"embeddable":true,"href":"https:\/\/www.europesays.com\/se\/wp-json\/wp\/v2\/media\/117732"}],"wp:attachment":[{"href":"https:\/\/www.europesays.com\/se\/wp-json\/wp\/v2\/media?parent=117731"}],"wp:term":[{"taxonomy":"category","embeddable":true,"href":"https:\/\/www.europesays.com\/se\/wp-json\/wp\/v2\/categories?post=117731"},{"taxonomy":"post_tag","embeddable":true,"href":"https:\/\/www.europesays.com\/se\/wp-json\/wp\/v2\/tags?post=117731"}],"curies":[{"name":"wp","href":"https:\/\/api.w.org\/{rel}","templated":true}]}}