{"id":117736,"date":"2025-12-26T18:15:09","date_gmt":"2025-12-26T18:15:09","guid":{"rendered":"https:\/\/www.europesays.com\/se\/117736\/"},"modified":"2025-12-26T18:15:09","modified_gmt":"2025-12-26T18:15:09","slug":"anita-walls-nya-fria-liv-efter-skilsmassan-med-lars-lind","status":"publish","type":"post","link":"https:\/\/www.europesays.com\/se\/117736\/","title":{"rendered":"Anita Walls nya fria liv efter skilsm\u00e4ssan med Lars Lind"},"content":{"rendered":"<p>Vi hinner bara sl\u00e5 oss ned i hennes vardagsrum p\u00e5 \u00d6stermalm innan Anita best\u00e4mt vill klarg\u00f6ra en sak.<\/p>\n<p>\u2013 Nu tar vi kr\u00e4mporna direkt.<\/p>\n<p>\u2013 F\u00e5r dem avklarade, f\u00f6r jag vill inte betona det h\u00e4r att jag \u00e4r d\u00e5lig. D\u00e5 blir det s\u00e5 man minns mig, forts\u00e4tter hon.<\/p>\n<p>Maria Brander m\u00f6ter nyskilda sk\u00e5despelaren i hennes hem.<\/p>\n<p>Nu finns det visserligen v\u00e4ldigt mycket annat att komma ih\u00e5g Anita f\u00f6r. Hon har gjort hela 97 roller. Tillbringat ett liv p\u00e5 <a href=\"https:\/\/www.expressen.se\/tagg\/organization\/dramaten\/\" class=\"\" rel=\"nofollow noopener\" target=\"_blank\">Dramaten<\/a>, spelat Tjechov och Moli\u00e8re, men \u00e4ven blivit folkk\u00e4r genom sin medverkan i \u201dRederiet\u201d. 2015 fick hon en Guldbagge f\u00f6r filmen \u201dHemma\u201d. Den st\u00e5r nu p\u00e5 tv-b\u00e4nken, och bl\u00e4nker i samma nyans som vintersolen som letat sig in genom ett f\u00f6nster. V\u00e4ggarna \u00e4r fyllda av bilder fr\u00e5n teatern, och detaljer som hon sj\u00e4lv inte riktigt kan urskilja l\u00e4ngre.<\/p>\n<p>\u2013 Jag har glaukom och gula fl\u00e4cken. De \u00e4r v\u00e4ldigt vanliga, men det \u00e4r ovanligt, och dumt att ha dem ihop. Det \u00e4r tr\u00e5kigt. Jag har vetat om det, men det har inte blommat ut p\u00e5 tio \u00e5r. Nu \u00e4r det i full blom.<\/p>\n<p><strong>Hur \u00e4r prognosen?<\/strong><\/p>\n<p>\u2013 Det vet man inte. I v\u00e4rsta fall blir jag blind, men det beh\u00f6ver inte bli s\u00e5, utan jag hoppas p\u00e5 lite tur i elakt spel.<\/p>\n<p><img loading=\"lazy\"   alt=\"\"\/><\/p>\n<p>Anita Wall flyttade in i l\u00e4genheten p\u00e5 \u00d6stermalm f\u00f6r 25 \u00e5r sen. H\u00e4r i k\u00f6ket med Expressens reporter Maria Brander.<\/p>\n<p>Foto: JAKOB \u00c5KERSTEN BROD\u00c9N<\/p>\n<p><strong>Sen har du ont i h\u00f6ften?<\/strong><\/p>\n<p>\u2013 Ja, den \u00e4r felopererad, och d\u00e5 fick den andra sidan ta allt stryk. Den h\u00e4r h\u00f6ften var mycket kortare, s\u00e5 jag fick \u00e5ka in och g\u00f6ra en operation d\u00e4r det h\u00f6gg av det h\u00e4r, s\u00e5 att de blev lika l\u00e5nga. Det har varit en resa i tio \u00e5rs tid. Men jag har accepterat att det \u00e4r s\u00e5 h\u00e4r. Jag \u00e4r faktiskt en ganska t\u00e5lig m\u00e4nniska. Jag f\u00f6rs\u00f6ker vara lite glad. Om du inte \u00e4r det, s\u00e5 tycker ingen m\u00e4nniska om dig, och jag vill ha mina v\u00e4nner kvar och inte vara f\u00f6r gn\u00e4llig.<\/p>\n<p><strong>Samtidigt \u00e4r det kanske bra att f\u00e5 lite f\u00f6rst\u00e5else f\u00f6r var du faktiskt \u00e4r i livet?<\/strong><\/p>\n<p>\u2013 Jag \u00e4r v\u00e4ldigt l\u00e5ngt fram i livet. Folk fr\u00e5gar hur gammal \u00e4r du? Jag \u00e4r 15 \u00e5r fr\u00e5n 100.\u00a0<\/p>\n<p><strong>Brukar du s\u00e4ga det?\u00a0<\/strong><\/p>\n<p>\u2013 Ja! Folk \u00e4r v\u00e4ldigt noga med hur gammal man \u00e4r. Och om man har lyft sig. Det har jag aldrig gjort. Men det ska liksom nagelfaras.<\/p>\n<p><img loading=\"lazy\"   alt=\"\"\/><\/p>\n<p>Med Sven Wollter i \u201dI lagens namn\u201d 1990.<\/p>\n<p><img loading=\"lazy\"   alt=\"\"\/><\/p>\n<p>Som aff\u00e4rskvinnan Elisabeth Lerwacht i \u201dRederiet\u201d 1992.<\/p>\n<p>Foto: IMDB<\/p>\n<p><img loading=\"lazy\"   alt=\"\"\/><\/p>\n<p>Med Lasse Lindroth i \u201dSjukan\u201d 2000.<\/p>\n<p>Foto: SVERIGES TELEVISION<\/p>\n<p>Anita Wall uppt\u00e4cktes av Astrid Lindgren<\/p>\n<p>\u2022 F\u00f6dd 11 juli 1940.<\/p>\n<p>\u2022 Har varit gift med sk\u00e5despelarna Sten-Johan Hedman, samt Lars Lind. Med den f\u00f6rra har hon tvillingd\u00f6ttrarna \u00c5sa och Sara.<\/p>\n<p>\u2022 Uppt\u00e4cktes av Astrid Lindgren som 11-\u00e5ring, d\u00e5 hon fick rollen som Pippi i V\u00e5r teaters upps\u00e4ttning 1951.<\/p>\n<p>\u2022 Kom in p\u00e5 Dramatens elevskola 1962, och blev klasskamrat med B\u00f6rje Ahlstedt, Lars Amble, Evabritt Strandberg och Per Ragnar. Blev kvar p\u00e5 Dramaten i n\u00e4ra 40 \u00e5r, d\u00e5 hon enligt den tidens regler tvingades g\u00e5 i pension, 59 \u00e5r gammal.<\/p>\n<p>\u2022 Spelade aff\u00e4rskvinnan Elisabeth Lerwacht i \u201dRederiet\u201d. I samma s\u00e5paklassiker gjorde k\u00e4rleken Lars Lind rollen som kapten Anders Moberg.<\/p>\n<p>Visa mer<\/p>\n<p><strong>Fr\u00e5gar folk det?<\/strong><\/p>\n<p>\u2013 Ja, nere p\u00e5 \u201dF\u00e4ltan\u201d (F\u00e4lt\u00f6versten, k\u00f6pcentrum p\u00e5 \u00d6stermalm) och s\u00e5nt. Det \u00e4r ganska larvigt.<\/p>\n<p><strong>Var var du i livet n\u00e4r du flyttade in i den h\u00e4r l\u00e4genheten d\u00e5?<\/strong><\/p>\n<p>\u2013 Det var f\u00f6r 25 \u00e5r sen. D\u00e5 var jag i livet att jag b\u00f6rjade operera allt det h\u00e4r. \u00a0Jag bodde fyra trappor upp utan hiss i en dr\u00f6mv\u00e5ning med snedtak och bj\u00e4lkar \u2013 en liten Pariserkvart. Men det h\u00f6ll ju inte n\u00e4r man skulle b\u00e4ra upp matkassar, vinflaskor och alltihop, s\u00e4ger Anita och ber\u00e4ttar om sin vardag nuf\u00f6rtiden: L\u00e5nga frukostar, ett pass p\u00e5 gymmet, emellan\u00e5t bes\u00f6k av hemtj\u00e4nsten, och s\u00e5 massor av prat i telefonen.<\/p>\n<p>\u2013 Jag kanske ringer f\u00f6r mycket. Men det \u00e4r v\u00e4ldigt roligt, och s\u00e5 har jag barnbarn som jag \u00e4r galen i.<\/p>\n<p><img loading=\"lazy\"   alt=\"\"\/><\/p>\n<p>Sista \u00e5ret har Anita Wall bott sj\u00e4lv. Dagarna best\u00e5r av l\u00e5nga frukostar, ett pass p\u00e5 gymmet, bes\u00f6k av hemtj\u00e4nsten ibland, och mycket prat i telefonen.<\/p>\n<p>Foto: JAKOB \u00c5KERSTEN BROD\u00c9N<\/p>\n<p><strong>Hur mycket har du bott sj\u00e4lv under de h\u00e4r 25 \u00e5ren?<\/strong><\/p>\n<p>\u2013 Det \u00e4r bara sista \u00e5ret. Vi har ju varit gifta, jag och Lars (Lind). Nu \u00e4r vi skilda. Men Lars har just varit h\u00e4r. Vi tr\u00e4ffas j\u00e4ttemycket i alla fall, och jag g\u00e5r hem till honom. Jag tycker vi har det sk\u00f6nt s\u00e5 h\u00e4r. Fast det \u00e4r klart att det kan bli tr\u00e5kigt eller lite ensamt, men vi kommer inte ifr\u00e5n varandra.\u00a0<\/p>\n<p><strong>Jobbat har du inte riktigt gjort sen pandemin. \u00c4r du f\u00e4rdig med det?<\/strong><\/p>\n<p>\u2013 Ja, jag har inte orkat, f\u00f6r det har varit \u00f6gon och h\u00f6fter. Men jag har l\u00e4st n\u00e5gra dikter ibland, det har jag gjort. Jag tycker om det. Skulle jag g\u00f6ra en roll till, s\u00e5 skulle det vara p\u00e5 film, f\u00f6r jag har mest st\u00e5tt p\u00e5 scen, forts\u00e4tter Anita som trots allt hunnit med en andra karri\u00e4r efter den p\u00e5tvingade pensionen fr\u00e5n Dramaten vid 59 \u00e5rs \u00e5lder. S\u00e5dana var den tidens pensionsregler, och Anita har beskrivit hur hon under sin sista kv\u00e4ll spelade \u201dTartuffe\u201d, packade ihop sin loge, och l\u00e4mnade teatern utan att ens f\u00e5 ett tack. D\u00e4refter annonserade hon driftigt i DN efter nya jobb.<\/p>\n<p>\u2013 Ja, det gjorde jag, och jag fick en j\u00e4kla massa jobb!<\/p>\n<p><img loading=\"lazy\"   alt=\"\"\/><\/p>\n<p>Anita Wall och Lars Lind turnerade med en upps\u00e4ttning av \u201dMitt dubbla liv\u201d med Riksteatern 2003.<\/p>\n<p>Foto: JESSICA GOW<\/p>\n<p><strong>Hur k\u00e4ndes allt n\u00e4r du tvingades g\u00e5?<\/strong><\/p>\n<p>\u2013 Det var kristider p\u00e5 Dramaten, och det handlar alltid om cheferna. Jag blev inte ledsen, utan f\u00f6rbannad. Men jag har inga tr\u00e5kiga k\u00e4nslor kring det nu. Det var nog bra f\u00f6r mig. \u00c4ven om det var vansinnigt or\u00e4ttvist att m\u00e4nnen fick stanna till 63. Det \u00e4r v\u00e4l of\u00f6rsk\u00e4mt? Men s\u00e5 fanns det ocks\u00e5 mycket fler roller f\u00f6r \u00e4ldre m\u00e4n p\u00e5 den tiden.<\/p>\n<p><strong>Din kollega Marie G\u00f6ranzon sa i samband med Metoo att det under hennes tid funnits 15, 20 gubbsvin p\u00e5 Dramaten. Har du m\u00f6tt n\u00e5gon av dem?<\/strong><\/p>\n<p>\u2013 Det var lite gubbsvin n\u00e4r jag var ung. De skulle trycka upp en mot v\u00e4ggen och s\u00e5nt d\u00e4r, men jag f\u00f6rsvarade mig. Jag kunde kn\u00e4a lite. Jag var bra p\u00e5 det.\u00a0<\/p>\n<p>\u2013 Annars \u00e4lskade jag Dramaten, samtidigt som slutet blev b\u00f6rjan p\u00e5 n\u00e5got nytt. Jag hittade ju pj\u00e4sen \u201dOscar och den rosa tanten\u201d, d\u00e4r tanten var 80, och d\u00e4r den lilla pojken med leukemi var 10. Lars (Lind) \u00f6versatte den fr\u00e5n franskan, och jag spelade b\u00e5da rollerna i tre \u00e5r. Det var b\u00e5de roligt och givande, och skapade starka band mellan Lars och mig. N\u00e4stan som att \u201dOscar\u201d blev v\u00e5rt gemensamma barn.<\/p>\n<p><img loading=\"lazy\"   alt=\"\"\/><\/p>\n<p>Efter den p\u00e5tvingade pensionen fr\u00e5n Dramaten vid 59 \u00e5rs \u00e5lder fick Anita Wall en andra karri\u00e4r.<\/p>\n<p>Foto: JAKOB \u00c5KERSTEN BROD\u00c9N<\/p>\n<p><strong>Minns du hur ni f\u00f6ll f\u00f6r varandra?<\/strong><\/p>\n<p>\u2013 Ja, vi spelade revy och hade v\u00e4l lite tycke f\u00f6r varandra. Sen s\u00e5 var jag v\u00e4ldigt ledsen en dag. F\u00f6r livet. Man kan vara s\u00e5 ibland. Men d\u00e5 ringde Lars, och sen var han hos mig p\u00e5 tv\u00e5 minuter. Det var s\u00e5 h\u00e4rligt.<\/p>\n<p><strong>Med k\u00e4rlek senare i livet s\u00e5 v\u00e4ljer m\u00e5nga bort kyrkbr\u00f6llop. Men ni hade ett?<\/strong><\/p>\n<p>Annons<\/p>\n<p>\u2013 Ja, fast inte i vitt. Min kl\u00e4nning var ljusbl\u00e5.<\/p>\n<p><strong>Hur best\u00e4mde ni er f\u00f6r br\u00f6llop?<\/strong><\/p>\n<p>\u2013 Det f\u00e5r du fr\u00e5ga Lars om. Det var han som friade. Men jag sa ju ja.\u00a0<\/p>\n<p>\u2013 Vi hade det v\u00e4ldigt trevligt som gifta, men det \u00e4r \u00e4nd\u00e5 mycket sk\u00f6nare att klara sig sj\u00e4lv.<\/p>\n<p><img loading=\"lazy\"   alt=\"\"\/><\/p>\n<p>Anita Wall och Lars Lind 2002.<\/p>\n<p>Foto: CHARLES HAMMARSTEN \/ IBL<\/p>\n<p><img loading=\"lazy\"   alt=\"\"\/><\/p>\n<p>Anita Wall och Lars Lind i \u201dHelga wrede\u201d 1991.<\/p>\n<p>Foto: ROGER TILLBERG \/ IBL<\/p>\n<p><img loading=\"lazy\"   alt=\"\"\/><\/p>\n<p>Lars Lind fick medalj av kungen 2019 \u2013 Anita fick sin medalj 2001.<\/p>\n<p>Foto: JONAS EKSTR\u00d6MER\/TT NYHETSBYR\u00c5N<\/p>\n<p><strong>Att slippa anpassa sig efter n\u00e5gon annan?<\/strong><\/p>\n<p>\u2013 Jag var nog r\u00e4tt bra p\u00e5 det. S\u00e5d\u00e4r som en gammal kvinnoroll. Men ja, och framf\u00f6r allt s\u00e5 f\u00e5r ju Lars sova lite l\u00e4ngre p\u00e5 morgnarna nu. Han \u00e4lskar att bara ligga kvar i s\u00e4ngen tills han ska ner p\u00e5 teatern.<\/p>\n<p>\u2013 Vi uppskattar stunderna vi ses mer nu, och g\u00f6r n\u00e5got lite extra av dem. Ja, inte som att jag s\u00e4tter en blomma i h\u00e5ret, men jag kanske f\u00f6rs\u00f6ker g\u00f6ra mig lite snygg.\u00a0<\/p>\n<p><strong>Och tidigare?<\/strong><\/p>\n<p>\u2013 S\u00e5 gnabbades vi. Inte om n\u00e5got djupare, utan om vardagen.<\/p>\n<p>\u2013 Men vi beh\u00f6ver inte vara gifta, vi kan tycka om varandra \u00e4nd\u00e5, och det \u00e4r sk\u00f6nt att k\u00e4nna sig fri. Jag kan \u00e4ta som jag vill, leva som jag vill, g\u00f6ra vad jag vill, tr\u00e4ffa vem jag vill.<\/p>\n<p><img loading=\"lazy\"   alt=\"\"\/><\/p>\n<p>\u201dJag blev tidigt ensam mamma med tvillingar. Samtidigt som jag hade v\u00e4ldigt stora roller p\u00e5 Dramaten. Jag f\u00f6rst\u00e5r inte hur sjuttsingen jag kunde f\u00e5 ihop det\u201d, s\u00e4ger Anita Wall.<\/p>\n<p>Foto: JAKOB \u00c5KERSTEN BROD\u00c9N<\/p>\n<p><strong>Att bara separera var aldrig ett alternativ?<\/strong><\/p>\n<p>\u2013 Jo, men det \u00e4r ju samma, och d\u00e5 \u00e4r det lika bra att vara fri fr\u00e5n papper och el\u00e4nde.<\/p>\n<p>\u2013 Jag har nog egentligen alltid varit v\u00e4ldigt sj\u00e4lvst\u00e4ndig. Jag blev ju tidigt ensam mamma med tvillingar, vet du. Samtidigt som jag hade v\u00e4ldigt stora roller p\u00e5 Dramaten. N\u00e4r jag t\u00e4nker tillbaka, s\u00e5 f\u00f6rst\u00e5r jag inte hur sjuttsingen jag kunde f\u00e5 ihop det.<\/p>\n<p><strong>F\u00f6r att du \u00e4lskade det? Vet du hur du lyser upp s\u00e5 fort du pratar om rollerna?<\/strong><\/p>\n<p>\u2013 Jo, men det \u00e4r roliga saker. Hj\u00e4rteroller.\u00a0<\/p>\n<p>\u2013 Jag blir s\u00e5 glad n\u00e4r jag t\u00e4nker s\u00e5. Det \u00f6verfaller mig. Det \u00e4r s\u00e5 sk\u00f6nt att ha lite glada minnen, och inte sitta och vara gammal och bitter och j\u00e4vlig. En del m\u00e5ste kanske det, men jag tycker att jag ska vara glad.<\/p>\n<p><img loading=\"lazy\"   alt=\"\"\/><\/p>\n<p>Guldbagge f\u00f6r filmen \u201dHemma\u201d 2015. Tidigare maken Lars Lind ger en segerpuss.<\/p>\n<p>Foto: Robert Eklund \/ TT NYHETSBYR\u00c5N<\/p>\n<p><strong>Fast din pappa brukade v\u00e4l sk\u00e4mta om att det b\u00e4sta med dig var att du har ett s\u00e5 j\u00e4mnt hum\u00f6r: Du \u00e4r arg hela tiden. \u00c4r du fortfarande det?<\/strong><\/p>\n<p>\u2013 Ja, jag kan flyga i taket, och d\u00e5 f\u00e5r jag ett v\u00e4ldigt ordf\u00f6rr\u00e5d som inte \u00e4r s\u00e5 fint, kanske. Men det h\u00e4nder inte lika ofta som f\u00f6rr, s\u00e4ger Anita innan vi reser oss f\u00f6r en tur l\u00e4ngs den minnenas all\u00e9 som hon gjort av sitt hem. Barnens beg\u00e5vade m\u00e5lningar blandas med antika teateraffischer, och mitt i allt b\u00f6rjar Anita deklamera dikt, d\u00e4r varenda fras \u00e4nnu sitter. Sen pekar hon p\u00e5 ett stort portr\u00e4tt ovanf\u00f6r soffan, signerat f\u00f6rfattaren Slas som m\u00e5lat hennes n\u00e4stipp r\u00f6d.<\/p>\n<p><img loading=\"lazy\"   alt=\"\"\/><\/p>\n<p>Anita med portr\u00e4ttet med r\u00f6da n\u00e4san.<\/p>\n<p>Foto: JAKOB \u00c5KERSTEN BROD\u00c9N<\/p>\n<p>\u2013 Han s\u00e5g mig som en ledsen clown, sa han.<\/p>\n<p><strong>Hade han r\u00e4tt?<\/strong><\/p>\n<p>\u2013 Ja, jag har varit en stor clown eftersom jag \u00e4lskat att spela komedier. Men f\u00f6r att vara en ledsen clown, s\u00e5 beh\u00f6vs det ett allvar under. Ja, kanske har jag varit det ibland. Ledsen p\u00e5 ett roligt s\u00e4tt.<\/p>\n","protected":false},"excerpt":{"rendered":"Vi hinner bara sl\u00e5 oss ned i hennes vardagsrum p\u00e5 \u00d6stermalm innan Anita best\u00e4mt vill klarg\u00f6ra en sak.&hellip;\n","protected":false},"author":2,"featured_media":117737,"comment_status":"","ping_status":"","sticky":false,"template":"","format":"standard","meta":{"footnotes":""},"categories":[67],"tags":[104,1414,5955,34,31,33,32,30,109,1090,105],"class_list":{"0":"post-117736","1":"post","2":"type-post","3":"status-publish","4":"format-standard","5":"has-post-thumbnail","7":"category-underhallning","8":"tag-entertainment","9":"tag-newsstory-maria-brander-moter","10":"tag-organization-dramaten","11":"tag-se","12":"tag-svenska","13":"tag-sverige","14":"tag-sweden","15":"tag-swedish","16":"tag-topic-skadespelare","17":"tag-topic-teater","18":"tag-underhallning"},"share_on_mastodon":{"url":"https:\/\/pubeurope.com\/@se\/115787236830839687","error":""},"_links":{"self":[{"href":"https:\/\/www.europesays.com\/se\/wp-json\/wp\/v2\/posts\/117736","targetHints":{"allow":["GET"]}}],"collection":[{"href":"https:\/\/www.europesays.com\/se\/wp-json\/wp\/v2\/posts"}],"about":[{"href":"https:\/\/www.europesays.com\/se\/wp-json\/wp\/v2\/types\/post"}],"author":[{"embeddable":true,"href":"https:\/\/www.europesays.com\/se\/wp-json\/wp\/v2\/users\/2"}],"replies":[{"embeddable":true,"href":"https:\/\/www.europesays.com\/se\/wp-json\/wp\/v2\/comments?post=117736"}],"version-history":[{"count":0,"href":"https:\/\/www.europesays.com\/se\/wp-json\/wp\/v2\/posts\/117736\/revisions"}],"wp:featuredmedia":[{"embeddable":true,"href":"https:\/\/www.europesays.com\/se\/wp-json\/wp\/v2\/media\/117737"}],"wp:attachment":[{"href":"https:\/\/www.europesays.com\/se\/wp-json\/wp\/v2\/media?parent=117736"}],"wp:term":[{"taxonomy":"category","embeddable":true,"href":"https:\/\/www.europesays.com\/se\/wp-json\/wp\/v2\/categories?post=117736"},{"taxonomy":"post_tag","embeddable":true,"href":"https:\/\/www.europesays.com\/se\/wp-json\/wp\/v2\/tags?post=117736"}],"curies":[{"name":"wp","href":"https:\/\/api.w.org\/{rel}","templated":true}]}}