{"id":117746,"date":"2025-12-26T18:25:58","date_gmt":"2025-12-26T18:25:58","guid":{"rendered":"https:\/\/www.europesays.com\/se\/117746\/"},"modified":"2025-12-26T18:25:58","modified_gmt":"2025-12-26T18:25:58","slug":"julgodiset-satter-tanderna-pa-prov-efter-helgerna-marks-smallen-i-tandvarden","status":"publish","type":"post","link":"https:\/\/www.europesays.com\/se\/117746\/","title":{"rendered":"Julgodiset s\u00e4tter t\u00e4nderna p\u00e5 prov \u2013 efter helgerna m\u00e4rks sm\u00e4llen i tandv\u00e5rden"},"content":{"rendered":"<p>&#13;<br \/>\n                        &#13;<br \/>\n&#13;<\/p>\n<p>                                    <img decoding=\"async\" src=\"https:\/\/www.europesays.com\/se\/wp-content\/uploads\/2025\/12\/8a8a276f27986a9c_800x800ar.jpg\"\/><br \/>\n                                &#13;<br \/>\n&#13;<\/p>\n<p><strong>Svenskarna h\u00f6r till v\u00e4rldens friskaste n\u00e4r det g\u00e4ller t\u00e4nder. Men n\u00e4r julgodiset \u00e5ker fram s\u00e4tts munh\u00e4lsan p\u00e5 prov. De flestas t\u00e4nder klarar helgerna bra \u2013 men inte alla. Efter jul m\u00e4rker tandv\u00e5rden en tydlig \u00f6kning av akuta problem.<\/strong><\/p>\n<p>&#13;<\/p>\n<p style=\"margin-top:12px;\">Under december \u00e4ter varje person i Sverige i snitt n\u00e4stan tre kilo godis. Totalt handlar det om cirka 170 miljoner kilo godis per \u00e5r. Det \u00e4r en belastning f\u00f6r t\u00e4nderna, s\u00e4rskilt n\u00e4r s\u00f6tsaker \u00e4ts ofta och under l\u00e5ng tid.<\/p>\n<blockquote>\n<p>\u2013 Vi ser en tydlig \u00f6kning av akuta besv\u00e4r efter jul och ny\u00e5r. Det handlar om tappade lagningar, trasiga kronor och sm\u00e4rta i b\u00e5de t\u00e4nder och k\u00e4kar, s\u00e4ger Lars Fredriksson, \u00f6vertandl\u00e4kare Folktandv\u00e5rden Stockholm.<\/p>\n<\/blockquote>\n<p>Sveriges tandh\u00e4lsa \u00e4r i grunden mycket god, mycket tack vare f\u00f6rebyggande arbete under l\u00e5ng tid. Samtidigt \u00e4r munh\u00e4lsan fortfarande oj\u00e4mlik. Var du bor och hur din ekonomi ser ut p\u00e5verkar om du f\u00e5r behandling i tid.<\/p>\n<p><strong>Kn\u00e4ck \u2013 julens stora bov<\/strong><\/p>\n<p>Vi k\u00e4nner nog alla till vem som \u00e4r den stora boven f\u00f6r t\u00e4nderna. Kn\u00e4ck \u00e4r en lika stor klassiker p\u00e5 julbordet som hos tandl\u00e4karen, och sticker ut som en riktig riskfaktor.<\/p>\n<blockquote>\n<p>\u2013 H\u00e5rda bitar kan skada t\u00e4nder och k\u00e4kleder. N\u00e4r kn\u00e4cken mjuknar kan den dessutom skapa ett starkt sug som g\u00f6r att lagningar lossnar. Rester som fastnar mellan t\u00e4nderna \u00f6kar risken f\u00f6r h\u00e5l, s\u00e4ger Lars Fredriksson.<\/p>\n<\/blockquote>\n<p>\u00c4ven segt godis kan st\u00e4lla till problem, s\u00e4rskilt om du redan har lagningar eller kronor.<\/p>\n<p><strong>S\u00e5 minskar du risken i jul<\/strong><\/p>\n<p>Du beh\u00f6ver s\u00e5klart inte avst\u00e5 helt fr\u00e5n julgodis, men hur och n\u00e4r du \u00e4ter spelar stor roll. Med lite eftertanke kan du forts\u00e4tta njuta av allt det goda och \u00e4nd\u00e5 bespara dig tandv\u00e4rk.<\/p>\n<ul>\n<li>\u00c4t bara det du verkligen tycker \u00e4r gott.<\/li>\n<li>Samla godis\u00e4tandet till ett tillf\u00e4lle ist\u00e4llet f\u00f6r att sm\u00e5\u00e4ta hela dagen.<\/li>\n<li>Var extra f\u00f6rsiktig med h\u00e5rt och segt godis.<\/li>\n<li>Borsta t\u00e4nderna tv\u00e5 g\u00e5nger om dagen i tv\u00e5 minuter med fluortandkr\u00e4m.<\/li>\n<li>Reng\u00f6r mellan t\u00e4nderna om du \u00e4r vuxen.<\/li>\n<li>Fluorsk\u00f6ljning kan ge extra skydd.<\/li>\n<\/ul>\n<p><strong>Akut tandv\u00e4rk i jul?<\/strong><\/p>\n<p>I storst\u00e4der som Stockholm och G\u00f6teborg finns b\u00e5de privat och offentlig akuttandv\u00e5rd \u00f6ppen alla dagar, \u00e4ven under helgerna. P\u00e5 mindre orter finns information om n\u00e4rmaste akuttandv\u00e5rd p\u00e5 1177.se. Kan besv\u00e4ren v\u00e4nta \u00e4r det ofta b\u00e4st att kontakta din vanliga tandl\u00e4kare efter helgen.<\/p>\n<p>F\u00f6r dig som fyller 67 \u00e5r under n\u00e4sta \u00e5r finns ocks\u00e5 goda nyheter. Efter \u00e5rsskiftet subventionerar staten en stor del av kostnaden f\u00f6r de flesta tandbehandlingar.<\/p>\n<p>Folktandv\u00e5rden Fridhemsplan har \u00f6ppet alla dagar hela \u00e5ret. H\u00e4r hittar du mer information:<br \/><a href=\"https:\/\/www.folktandvardenstockholm.se\/vara-kliniker\/akut-tandvard\/\" rel=\"nofollow noopener\" target=\"_blank\">Akut tandv\u00e5rd<\/a><\/p>\n<p>&#13;<br \/>\n&#13;<br \/>\n&#13;<\/p>\n<p><strong>Kajsa Nilsson<\/strong><br \/>Kommunikat\u00f6r<br \/>08-123 166 11<br \/>kajsa.a.nilsson@regionstockholm.se<\/p>\n<p>&#13;<\/p>\n<p>Folktandv\u00e5rden Stockholm v\u00e4lkomnar dig, ung eller gammal, var du \u00e4n bor eller kommer ifr\u00e5n. Vi erbjuder b\u00e5de allm\u00e4n- och specialisttandv\u00e5rd, forskar f\u00f6r framtiden och arbetar f\u00f6r ett h\u00e5llbart samh\u00e4lle med b\u00e4ttre folkh\u00e4lsa. Vi har totalt cirka 80 kliniker och cirka 2 000 medarbetare och tar \u00e5rligen emot cirka 1,4 miljoner patienter. Folktandv\u00e5rden \u00e4r en del av Region Stockholm.<\/p>\n<p><strong>Taggar:<\/strong><\/p>\n<p>&#13;<br \/>\n&#13;<br \/>\n&#13;<\/p>\n","protected":false},"excerpt":{"rendered":"&#13; &#13; &#13; &#13; &#13; Svenskarna h\u00f6r till v\u00e4rldens friskaste n\u00e4r det g\u00e4ller t\u00e4nder. Men n\u00e4r julgodiset \u00e5ker&hellip;\n","protected":false},"author":2,"featured_media":117747,"comment_status":"","ping_status":"","sticky":false,"template":"","format":"standard","meta":{"footnotes":""},"categories":[65],"tags":[72,70,71,12627,12630,34,31,33,32,30,12629,12628],"class_list":{"0":"post-117746","1":"post","2":"type-post","3":"status-publish","4":"format-standard","5":"has-post-thumbnail","7":"category-ekonomi","8":"tag-business","9":"tag-economy","10":"tag-ekonomi","11":"tag-folkhlsa","12":"tag-folktandvrden","13":"tag-se","14":"tag-svenska","15":"tag-sverige","16":"tag-sweden","17":"tag-swedish","18":"tag-tandhlsa","19":"tag-tandvrd"},"share_on_mastodon":{"url":"https:\/\/pubeurope.com\/@se\/115787280357128545","error":""},"_links":{"self":[{"href":"https:\/\/www.europesays.com\/se\/wp-json\/wp\/v2\/posts\/117746","targetHints":{"allow":["GET"]}}],"collection":[{"href":"https:\/\/www.europesays.com\/se\/wp-json\/wp\/v2\/posts"}],"about":[{"href":"https:\/\/www.europesays.com\/se\/wp-json\/wp\/v2\/types\/post"}],"author":[{"embeddable":true,"href":"https:\/\/www.europesays.com\/se\/wp-json\/wp\/v2\/users\/2"}],"replies":[{"embeddable":true,"href":"https:\/\/www.europesays.com\/se\/wp-json\/wp\/v2\/comments?post=117746"}],"version-history":[{"count":0,"href":"https:\/\/www.europesays.com\/se\/wp-json\/wp\/v2\/posts\/117746\/revisions"}],"wp:featuredmedia":[{"embeddable":true,"href":"https:\/\/www.europesays.com\/se\/wp-json\/wp\/v2\/media\/117747"}],"wp:attachment":[{"href":"https:\/\/www.europesays.com\/se\/wp-json\/wp\/v2\/media?parent=117746"}],"wp:term":[{"taxonomy":"category","embeddable":true,"href":"https:\/\/www.europesays.com\/se\/wp-json\/wp\/v2\/categories?post=117746"},{"taxonomy":"post_tag","embeddable":true,"href":"https:\/\/www.europesays.com\/se\/wp-json\/wp\/v2\/tags?post=117746"}],"curies":[{"name":"wp","href":"https:\/\/api.w.org\/{rel}","templated":true}]}}