{"id":117748,"date":"2025-12-26T18:28:09","date_gmt":"2025-12-26T18:28:09","guid":{"rendered":"https:\/\/www.europesays.com\/se\/117748\/"},"modified":"2025-12-26T18:28:09","modified_gmt":"2025-12-26T18:28:09","slug":"jonas-hastbacka-nekas-riksfardtjanst-med-bil","status":"publish","type":"post","link":"https:\/\/www.europesays.com\/se\/117748\/","title":{"rendered":"Jonas H\u00e4stbacka nekas riksf\u00e4rdtj\u00e4nst med bil"},"content":{"rendered":"<p>I november kunde Jonas H\u00e4stbacka resa till J\u00f6nk\u00f6ping med riksf\u00e4rdtj\u00e4nst med bil f\u00f6r att tr\u00e4ffa sin kontaktperson. Det \u00e4r beslutat att de ska tr\u00e4ffas tv\u00e5 g\u00e5nger i m\u00e5naden.\u00a0\u2013 Det har g\u00e5tt bra innan. Det har hj\u00e4lpt mig att bryta isoleringen. Jag kommer ut och k\u00e4nner mig som en vanlig person, s\u00e4ger han.\u00a0Men nu har allt f\u00f6r\u00e4ndrats. N\u00e4r Jonas ans\u00f6kte om riksf\u00e4rdtj\u00e4nst med b<\/p>\n","protected":false},"excerpt":{"rendered":"I november kunde Jonas H\u00e4stbacka resa till J\u00f6nk\u00f6ping med riksf\u00e4rdtj\u00e4nst med bil f\u00f6r att tr\u00e4ffa sin kontaktperson. Det&hellip;\n","protected":false},"author":2,"featured_media":117749,"comment_status":"","ping_status":"","sticky":false,"template":"","format":"standard","meta":{"footnotes":""},"categories":[12],"tags":[22,23,26,27,17,21,24,25,28,29,15,16,18,34,31,33,32,30,19,20],"class_list":{"0":"post-117748","1":"post","2":"type-post","3":"status-publish","4":"format-standard","5":"has-post-thumbnail","7":"category-sverige","8":"tag-breaking-news","9":"tag-breakingnews","10":"tag-featured-news","11":"tag-featurednews","12":"tag-headlines","13":"tag-huvudnyheter","14":"tag-latest-news","15":"tag-latestnews","16":"tag-main-news","17":"tag-mainnews","18":"tag-news","19":"tag-nyheter","20":"tag-rubriker","21":"tag-se","22":"tag-svenska","23":"tag-sverige","24":"tag-sweden","25":"tag-swedish","26":"tag-top-stories","27":"tag-topstories"},"share_on_mastodon":{"url":"https:\/\/pubeurope.com\/@se\/115787288072669973","error":""},"_links":{"self":[{"href":"https:\/\/www.europesays.com\/se\/wp-json\/wp\/v2\/posts\/117748","targetHints":{"allow":["GET"]}}],"collection":[{"href":"https:\/\/www.europesays.com\/se\/wp-json\/wp\/v2\/posts"}],"about":[{"href":"https:\/\/www.europesays.com\/se\/wp-json\/wp\/v2\/types\/post"}],"author":[{"embeddable":true,"href":"https:\/\/www.europesays.com\/se\/wp-json\/wp\/v2\/users\/2"}],"replies":[{"embeddable":true,"href":"https:\/\/www.europesays.com\/se\/wp-json\/wp\/v2\/comments?post=117748"}],"version-history":[{"count":0,"href":"https:\/\/www.europesays.com\/se\/wp-json\/wp\/v2\/posts\/117748\/revisions"}],"wp:featuredmedia":[{"embeddable":true,"href":"https:\/\/www.europesays.com\/se\/wp-json\/wp\/v2\/media\/117749"}],"wp:attachment":[{"href":"https:\/\/www.europesays.com\/se\/wp-json\/wp\/v2\/media?parent=117748"}],"wp:term":[{"taxonomy":"category","embeddable":true,"href":"https:\/\/www.europesays.com\/se\/wp-json\/wp\/v2\/categories?post=117748"},{"taxonomy":"post_tag","embeddable":true,"href":"https:\/\/www.europesays.com\/se\/wp-json\/wp\/v2\/tags?post=117748"}],"curies":[{"name":"wp","href":"https:\/\/api.w.org\/{rel}","templated":true}]}}