{"id":117750,"date":"2025-12-26T18:29:08","date_gmt":"2025-12-26T18:29:08","guid":{"rendered":"https:\/\/www.europesays.com\/se\/117750\/"},"modified":"2025-12-26T18:29:08","modified_gmt":"2025-12-26T18:29:08","slug":"tre-kvinnor-knivhuggna-i-paris-t-bana-en-gripen","status":"publish","type":"post","link":"https:\/\/www.europesays.com\/se\/117750\/","title":{"rendered":"Tre kvinnor knivhuggna i Paris t-bana \u2013\u00a0en gripen"},"content":{"rendered":"<p>Tre kvinnor har knivhuggits av en man i Paris tunnelbana p\u00e5 fredagseftermiddagen, rapporterar Bfmtv. De har f\u00f6rts till sjukhus med lindriga skador. <\/p>\n<p>G\u00e4rningsmannen har gripits, enligt Le Parisien, som har uppgifter om att polisen utesluter terrormotiv. Enligt tidningens uppgifter har den gripne psykiska problem. <\/p>\n<p>Tunnelbanan fungerade normalt igen vid 19-tiden. <\/p>\n<p>Omni \u00e4r politiskt obundna och oberoende. Vi str\u00e4var efter att ge fler perspektiv p\u00e5 nyheterna. Har du fr\u00e5gor eller synpunkter kring v\u00e5r rapportering? <a href=\"https:\/\/omni.se\/tre-kvinnor-knivhuggna-i-paris-t-bana\/a\/mailto:redaktion@omni.se\" class=\"ArticleActions_contactLink__W2F1M\" rel=\"nofollow noopener\" target=\"_blank\">Kontakta redaktionen<\/a><\/p>\n","protected":false},"excerpt":{"rendered":"Tre kvinnor har knivhuggits av en man i Paris tunnelbana p\u00e5 fredagseftermiddagen, rapporterar Bfmtv. De har f\u00f6rts till&hellip;\n","protected":false},"author":2,"featured_media":117751,"comment_status":"","ping_status":"","sticky":false,"template":"","format":"standard","meta":{"footnotes":""},"categories":[5],"tags":[22,23,267,26,27,266,17,21,24,25,28,29,15,16,18,34,31,33,32,30,19,20],"class_list":{"0":"post-117750","1":"post","2":"type-post","3":"status-publish","4":"format-standard","5":"has-post-thumbnail","7":"category-rubriker","8":"tag-breaking-news","9":"tag-breakingnews","10":"tag-europa","11":"tag-featured-news","12":"tag-featurednews","13":"tag-frankrike","14":"tag-headlines","15":"tag-huvudnyheter","16":"tag-latest-news","17":"tag-latestnews","18":"tag-main-news","19":"tag-mainnews","20":"tag-news","21":"tag-nyheter","22":"tag-rubriker","23":"tag-se","24":"tag-svenska","25":"tag-sverige","26":"tag-sweden","27":"tag-swedish","28":"tag-top-stories","29":"tag-topstories"},"share_on_mastodon":{"url":"https:\/\/pubeurope.com\/@se\/115787291916691358","error":""},"_links":{"self":[{"href":"https:\/\/www.europesays.com\/se\/wp-json\/wp\/v2\/posts\/117750","targetHints":{"allow":["GET"]}}],"collection":[{"href":"https:\/\/www.europesays.com\/se\/wp-json\/wp\/v2\/posts"}],"about":[{"href":"https:\/\/www.europesays.com\/se\/wp-json\/wp\/v2\/types\/post"}],"author":[{"embeddable":true,"href":"https:\/\/www.europesays.com\/se\/wp-json\/wp\/v2\/users\/2"}],"replies":[{"embeddable":true,"href":"https:\/\/www.europesays.com\/se\/wp-json\/wp\/v2\/comments?post=117750"}],"version-history":[{"count":0,"href":"https:\/\/www.europesays.com\/se\/wp-json\/wp\/v2\/posts\/117750\/revisions"}],"wp:featuredmedia":[{"embeddable":true,"href":"https:\/\/www.europesays.com\/se\/wp-json\/wp\/v2\/media\/117751"}],"wp:attachment":[{"href":"https:\/\/www.europesays.com\/se\/wp-json\/wp\/v2\/media?parent=117750"}],"wp:term":[{"taxonomy":"category","embeddable":true,"href":"https:\/\/www.europesays.com\/se\/wp-json\/wp\/v2\/categories?post=117750"},{"taxonomy":"post_tag","embeddable":true,"href":"https:\/\/www.europesays.com\/se\/wp-json\/wp\/v2\/tags?post=117750"}],"curies":[{"name":"wp","href":"https:\/\/api.w.org\/{rel}","templated":true}]}}