{"id":117756,"date":"2025-12-26T18:38:41","date_gmt":"2025-12-26T18:38:41","guid":{"rendered":"https:\/\/www.europesays.com\/se\/117756\/"},"modified":"2025-12-26T18:38:41","modified_gmt":"2025-12-26T18:38:41","slug":"s-och-sd-latsas-att-de-gillar-landsbygden","status":"publish","type":"post","link":"https:\/\/www.europesays.com\/se\/117756\/","title":{"rendered":"S och SD l\u00e5tsas att de gillar landsbygden"},"content":{"rendered":"<p>Centerpartiet kommer satsa h\u00e5rt i valet f\u00f6r att \u00e5tervinna de landsbygdsv\u00e4ljare man tappat till Sverigedemokraterna och Socialdemokraterna, rapporterar Expressen. <\/p>\n<p>Det genom att s\u00f6ka konflikt med partierna inom sjukv\u00e5rd, klimat och skog. Redan nu riktar C-ledaren Elisabeth Thand Ringqvist en k\u00e4nga mot de tv\u00e5. <\/p>\n<p>\u2013\u202fDet d\u00e4r \u00e4r tv\u00e5 centralistiska betongpartier som l\u00e5tsas att de gillar landsbygden. Men det g\u00f6r de ju inte, s\u00e4ger hon till Expressen. <\/p>\n<p>Att S och SD har starkt st\u00f6d i norra landet tycker Thand Ringqvist \u00e4r obegripligt. Hon menar att Norrlands inland monterades ned under S-styret och att SD med regeringen ocks\u00e5 f\u00f6rsv\u00e5rat genom \u00f6kad centralisering. <\/p>\n<p>Omni \u00e4r politiskt obundna och oberoende. Vi str\u00e4var efter att ge fler perspektiv p\u00e5 nyheterna. Har du fr\u00e5gor eller synpunkter kring v\u00e5r rapportering? <a href=\"https:\/\/omni.se\/c-ledaren-s-och-sd-latsas-att-de-gillar-landsbygden\/a\/mailto:redaktion@omni.se\" class=\"ArticleActions_contactLink__W2F1M\" rel=\"nofollow noopener\" target=\"_blank\">Kontakta redaktionen<\/a><\/p>\n","protected":false},"excerpt":{"rendered":"Centerpartiet kommer satsa h\u00e5rt i valet f\u00f6r att \u00e5tervinna de landsbygdsv\u00e4ljare man tappat till Sverigedemokraterna och Socialdemokraterna, rapporterar&hellip;\n","protected":false},"author":2,"featured_media":117757,"comment_status":"","ping_status":"","sticky":false,"template":"","format":"standard","meta":{"footnotes":""},"categories":[5],"tags":[22,23,1983,6463,26,27,17,21,528,24,25,28,29,15,16,369,18,34,1557,31,33,617,32,30,19,20,3416],"class_list":{"0":"post-117756","1":"post","2":"type-post","3":"status-publish","4":"format-standard","5":"has-post-thumbnail","7":"category-rubriker","8":"tag-breaking-news","9":"tag-breakingnews","10":"tag-centerpartiet","11":"tag-elisabeth-thand-ringqvist","12":"tag-featured-news","13":"tag-featurednews","14":"tag-headlines","15":"tag-huvudnyheter","16":"tag-klimat-miljo","17":"tag-latest-news","18":"tag-latestnews","19":"tag-main-news","20":"tag-mainnews","21":"tag-news","22":"tag-nyheter","23":"tag-politik","24":"tag-rubriker","25":"tag-se","26":"tag-socialdemokraterna","27":"tag-svenska","28":"tag-sverige","29":"tag-sverigedemokraterna","30":"tag-sweden","31":"tag-swedish","32":"tag-top-stories","33":"tag-topstories","34":"tag-valet-2026"},"share_on_mastodon":{"url":"https:\/\/pubeurope.com\/@se\/115787327297725803","error":""},"_links":{"self":[{"href":"https:\/\/www.europesays.com\/se\/wp-json\/wp\/v2\/posts\/117756","targetHints":{"allow":["GET"]}}],"collection":[{"href":"https:\/\/www.europesays.com\/se\/wp-json\/wp\/v2\/posts"}],"about":[{"href":"https:\/\/www.europesays.com\/se\/wp-json\/wp\/v2\/types\/post"}],"author":[{"embeddable":true,"href":"https:\/\/www.europesays.com\/se\/wp-json\/wp\/v2\/users\/2"}],"replies":[{"embeddable":true,"href":"https:\/\/www.europesays.com\/se\/wp-json\/wp\/v2\/comments?post=117756"}],"version-history":[{"count":0,"href":"https:\/\/www.europesays.com\/se\/wp-json\/wp\/v2\/posts\/117756\/revisions"}],"wp:featuredmedia":[{"embeddable":true,"href":"https:\/\/www.europesays.com\/se\/wp-json\/wp\/v2\/media\/117757"}],"wp:attachment":[{"href":"https:\/\/www.europesays.com\/se\/wp-json\/wp\/v2\/media?parent=117756"}],"wp:term":[{"taxonomy":"category","embeddable":true,"href":"https:\/\/www.europesays.com\/se\/wp-json\/wp\/v2\/categories?post=117756"},{"taxonomy":"post_tag","embeddable":true,"href":"https:\/\/www.europesays.com\/se\/wp-json\/wp\/v2\/tags?post=117756"}],"curies":[{"name":"wp","href":"https:\/\/api.w.org\/{rel}","templated":true}]}}