{"id":117759,"date":"2025-12-26T18:46:14","date_gmt":"2025-12-26T18:46:14","guid":{"rendered":"https:\/\/www.europesays.com\/se\/117759\/"},"modified":"2025-12-26T18:46:14","modified_gmt":"2025-12-26T18:46:14","slug":"nya-ryska-attacker-mot-ukraina","status":"publish","type":"post","link":"https:\/\/www.europesays.com\/se\/117759\/","title":{"rendered":"Nya ryska attacker mot Ukraina"},"content":{"rendered":"<p class=\"boxtextgrotesk-root_baa6 hyperion-css-7pajle\">Publicerad 2025-12-25 11.22<\/p>\n<p>share-arrowDela<\/p>\n<p>unsaveSpara<\/p>\n<p class=\"hyperion-css-1shl3oz\" data-test-tag=\"lead-text\">Tv\u00e5 personer har d\u00f6dats och 35 skadats av ryska attacker i Ukraina det senaste dygnet, enligt lokala myndigheter, skriver Kyiv Independent.<\/p>\n<p class=\"hyperion-css-1v9qo5x\">Ryssland har skickat 131 dr\u00f6nare mot Ukraina det senaste dygnet. Av dem tog sig 22 stycken igenom och slog mot 15 platser.<\/p>\n<p class=\"hyperion-css-1v9qo5x\">Fr\u00e5n flera platser i landet rapporteras skador p\u00e5 byggnader och infrastruktur.<\/p>\n<p class=\"hyperion-css-1v9qo5x\">\u00c4ven i Ryssland uppges dr\u00f6nare ha attackerat m\u00e5l i landet. Den regimtrogna ryska nyhetsbyr\u00e5n Interfax rapporterar att tv\u00e5 oljetankers i ryska Krasnodar Kraj n\u00e4ra Krimhalv\u00f6n st\u00e5r i brand efter ett dr\u00f6naranfall.<\/p>\n<p class=\"hyperion-css-1v9qo5x\">Enligt uppgifterna omfattar branden ett omr\u00e5de p\u00e5 cirka 2\u00a0000 kvadratmeter och runt 70 personer deltar i sl\u00e4ckningsarbetet. Det finns inga uppgifter om skadade.<\/p>\n","protected":false},"excerpt":{"rendered":"Publicerad 2025-12-25 11.22 share-arrowDela unsaveSpara Tv\u00e5 personer har d\u00f6dats och 35 skadats av ryska attacker i Ukraina det&hellip;\n","protected":false},"author":2,"featured_media":465,"comment_status":"","ping_status":"","sticky":false,"template":"","format":"standard","meta":{"footnotes":""},"categories":[12],"tags":[22,23,26,27,17,21,24,25,28,29,15,16,18,34,31,33,32,30,19,20],"class_list":{"0":"post-117759","1":"post","2":"type-post","3":"status-publish","4":"format-standard","5":"has-post-thumbnail","7":"category-sverige","8":"tag-breaking-news","9":"tag-breakingnews","10":"tag-featured-news","11":"tag-featurednews","12":"tag-headlines","13":"tag-huvudnyheter","14":"tag-latest-news","15":"tag-latestnews","16":"tag-main-news","17":"tag-mainnews","18":"tag-news","19":"tag-nyheter","20":"tag-rubriker","21":"tag-se","22":"tag-svenska","23":"tag-sverige","24":"tag-sweden","25":"tag-swedish","26":"tag-top-stories","27":"tag-topstories"},"share_on_mastodon":{"url":"https:\/\/pubeurope.com\/@se\/115787358751416440","error":""},"_links":{"self":[{"href":"https:\/\/www.europesays.com\/se\/wp-json\/wp\/v2\/posts\/117759","targetHints":{"allow":["GET"]}}],"collection":[{"href":"https:\/\/www.europesays.com\/se\/wp-json\/wp\/v2\/posts"}],"about":[{"href":"https:\/\/www.europesays.com\/se\/wp-json\/wp\/v2\/types\/post"}],"author":[{"embeddable":true,"href":"https:\/\/www.europesays.com\/se\/wp-json\/wp\/v2\/users\/2"}],"replies":[{"embeddable":true,"href":"https:\/\/www.europesays.com\/se\/wp-json\/wp\/v2\/comments?post=117759"}],"version-history":[{"count":0,"href":"https:\/\/www.europesays.com\/se\/wp-json\/wp\/v2\/posts\/117759\/revisions"}],"wp:featuredmedia":[{"embeddable":true,"href":"https:\/\/www.europesays.com\/se\/wp-json\/wp\/v2\/media\/465"}],"wp:attachment":[{"href":"https:\/\/www.europesays.com\/se\/wp-json\/wp\/v2\/media?parent=117759"}],"wp:term":[{"taxonomy":"category","embeddable":true,"href":"https:\/\/www.europesays.com\/se\/wp-json\/wp\/v2\/categories?post=117759"},{"taxonomy":"post_tag","embeddable":true,"href":"https:\/\/www.europesays.com\/se\/wp-json\/wp\/v2\/tags?post=117759"}],"curies":[{"name":"wp","href":"https:\/\/api.w.org\/{rel}","templated":true}]}}