{"id":117762,"date":"2025-12-26T18:52:36","date_gmt":"2025-12-26T18:52:36","guid":{"rendered":"https:\/\/www.europesays.com\/se\/117762\/"},"modified":"2025-12-26T18:52:36","modified_gmt":"2025-12-26T18:52:36","slug":"sa-investerar-jan-emanuel-100-000-satsar-pa-investor","status":"publish","type":"post","link":"https:\/\/www.europesays.com\/se\/117762\/","title":{"rendered":"S\u00e5 investerar Jan Emanuel 100 000 \u2013 satsar p\u00e5 Investor"},"content":{"rendered":"<p>Ifall entrepren\u00f6ren och debatt\u00f6ren Jan Emanuel fick 100\u202f000 kronor i handen, skulle han investera i Wallenbergs investmentbolag Investor, s\u00e4ger han i en intervju med Aftonbladet.<\/p>\n<p>Omni \u00e4r politiskt obundna och oberoende. Vi str\u00e4var efter att ge fler perspektiv p\u00e5 nyheterna. Har du fr\u00e5gor eller synpunkter kring v\u00e5r rapportering? <a href=\"https:\/\/omniekonomi.se\/sa-investerar-jan-emanuel-100-000-satsar-pa-investor\/a\/mailto:eko@omni.se\" class=\"ArticleActions_contactLink__W2F1M\" rel=\"nofollow noopener\" target=\"_blank\">Kontakta redaktionen<\/a><\/p>\n","protected":false},"excerpt":{"rendered":"Ifall entrepren\u00f6ren och debatt\u00f6ren Jan Emanuel fick 100\u202f000 kronor i handen, skulle han investera i Wallenbergs investmentbolag Investor,&hellip;\n","protected":false},"author":2,"featured_media":117763,"comment_status":"","ping_status":"","sticky":false,"template":"","format":"standard","meta":{"footnotes":""},"categories":[65],"tags":[6745,72,70,71,977,3665,871,34,467,31,33,6143,32,30],"class_list":{"0":"post-117762","1":"post","2":"type-post","3":"status-publish","4":"format-standard","5":"has-post-thumbnail","7":"category-ekonomi","8":"tag-bors","9":"tag-business","10":"tag-economy","11":"tag-ekonomi","12":"tag-industrivarden","13":"tag-investor","14":"tag-jan-emanuel","15":"tag-se","16":"tag-stockholmsborsen","17":"tag-svenska","18":"tag-sverige","19":"tag-svolder","20":"tag-sweden","21":"tag-swedish"},"share_on_mastodon":{"url":"https:\/\/pubeurope.com\/@se\/115787382416719643","error":""},"_links":{"self":[{"href":"https:\/\/www.europesays.com\/se\/wp-json\/wp\/v2\/posts\/117762","targetHints":{"allow":["GET"]}}],"collection":[{"href":"https:\/\/www.europesays.com\/se\/wp-json\/wp\/v2\/posts"}],"about":[{"href":"https:\/\/www.europesays.com\/se\/wp-json\/wp\/v2\/types\/post"}],"author":[{"embeddable":true,"href":"https:\/\/www.europesays.com\/se\/wp-json\/wp\/v2\/users\/2"}],"replies":[{"embeddable":true,"href":"https:\/\/www.europesays.com\/se\/wp-json\/wp\/v2\/comments?post=117762"}],"version-history":[{"count":0,"href":"https:\/\/www.europesays.com\/se\/wp-json\/wp\/v2\/posts\/117762\/revisions"}],"wp:featuredmedia":[{"embeddable":true,"href":"https:\/\/www.europesays.com\/se\/wp-json\/wp\/v2\/media\/117763"}],"wp:attachment":[{"href":"https:\/\/www.europesays.com\/se\/wp-json\/wp\/v2\/media?parent=117762"}],"wp:term":[{"taxonomy":"category","embeddable":true,"href":"https:\/\/www.europesays.com\/se\/wp-json\/wp\/v2\/categories?post=117762"},{"taxonomy":"post_tag","embeddable":true,"href":"https:\/\/www.europesays.com\/se\/wp-json\/wp\/v2\/tags?post=117762"}],"curies":[{"name":"wp","href":"https:\/\/api.w.org\/{rel}","templated":true}]}}