{"id":117764,"date":"2025-12-26T18:53:07","date_gmt":"2025-12-26T18:53:07","guid":{"rendered":"https:\/\/www.europesays.com\/se\/117764\/"},"modified":"2025-12-26T18:53:07","modified_gmt":"2025-12-26T18:53:07","slug":"zelenskyj-redo-for-folkomrostning-svt-nyheter","status":"publish","type":"post","link":"https:\/\/www.europesays.com\/se\/117764\/","title":{"rendered":"Zelenskyj: Redo f\u00f6r folkomr\u00f6stning | SVT Nyheter"},"content":{"rendered":"<p>Ukrainas president Volodymyr Zelenskyj \u00e4r redo att h\u00e5lla en folkomr\u00f6stning om USA:s fredsplan \u2013 om Ryssland g\u00e5r med p\u00e5 minst 60 dagars vapenvila. Det s\u00e4ger han till nyhetssajten Axios. <\/p>\n<p>Resultatet riskerar att bli illegitimt om en folkomr\u00f6stning h\u00e5lls medan striderna p\u00e5g\u00e5r och m\u00e4nniskor inte har m\u00f6jlighet att r\u00f6sta, s\u00e4ger han. <\/p>\n<p>Fredsplanen inneb\u00e4r bl.a. att demilitariserade zoner ska uppr\u00e4ttas, och \u00f6ppnar f\u00f6r ukrainska retr\u00e4tter. Amerikanska f\u00f6retr\u00e4dare ser det som ett stort framsteg att Zelenskyj inte utesluter territoriella eftergifter.<\/p>\n","protected":false},"excerpt":{"rendered":"Ukrainas president Volodymyr Zelenskyj \u00e4r redo att h\u00e5lla en folkomr\u00f6stning om USA:s fredsplan \u2013 om Ryssland g\u00e5r med&hellip;\n","protected":false},"author":2,"featured_media":793,"comment_status":"","ping_status":"","sticky":false,"template":"","format":"standard","meta":{"footnotes":""},"categories":[14],"tags":[22,23,26,27,17,21,24,25,28,29,15,16,18,34,31,33,32,30,19,20,51,52,53,54],"class_list":{"0":"post-117764","1":"post","2":"type-post","3":"status-publish","4":"format-standard","5":"has-post-thumbnail","7":"category-varlden","8":"tag-breaking-news","9":"tag-breakingnews","10":"tag-featured-news","11":"tag-featurednews","12":"tag-headlines","13":"tag-huvudnyheter","14":"tag-latest-news","15":"tag-latestnews","16":"tag-main-news","17":"tag-mainnews","18":"tag-news","19":"tag-nyheter","20":"tag-rubriker","21":"tag-se","22":"tag-svenska","23":"tag-sverige","24":"tag-sweden","25":"tag-swedish","26":"tag-top-stories","27":"tag-topstories","28":"tag-varlden","29":"tag-world","30":"tag-world-news","31":"tag-worldnews"},"share_on_mastodon":{"url":"https:\/\/pubeurope.com\/@se\/115787386247121640","error":""},"_links":{"self":[{"href":"https:\/\/www.europesays.com\/se\/wp-json\/wp\/v2\/posts\/117764","targetHints":{"allow":["GET"]}}],"collection":[{"href":"https:\/\/www.europesays.com\/se\/wp-json\/wp\/v2\/posts"}],"about":[{"href":"https:\/\/www.europesays.com\/se\/wp-json\/wp\/v2\/types\/post"}],"author":[{"embeddable":true,"href":"https:\/\/www.europesays.com\/se\/wp-json\/wp\/v2\/users\/2"}],"replies":[{"embeddable":true,"href":"https:\/\/www.europesays.com\/se\/wp-json\/wp\/v2\/comments?post=117764"}],"version-history":[{"count":0,"href":"https:\/\/www.europesays.com\/se\/wp-json\/wp\/v2\/posts\/117764\/revisions"}],"wp:featuredmedia":[{"embeddable":true,"href":"https:\/\/www.europesays.com\/se\/wp-json\/wp\/v2\/media\/793"}],"wp:attachment":[{"href":"https:\/\/www.europesays.com\/se\/wp-json\/wp\/v2\/media?parent=117764"}],"wp:term":[{"taxonomy":"category","embeddable":true,"href":"https:\/\/www.europesays.com\/se\/wp-json\/wp\/v2\/categories?post=117764"},{"taxonomy":"post_tag","embeddable":true,"href":"https:\/\/www.europesays.com\/se\/wp-json\/wp\/v2\/tags?post=117764"}],"curies":[{"name":"wp","href":"https:\/\/api.w.org\/{rel}","templated":true}]}}