{"id":117767,"date":"2025-12-26T19:04:13","date_gmt":"2025-12-26T19:04:13","guid":{"rendered":"https:\/\/www.europesays.com\/se\/117767\/"},"modified":"2025-12-26T19:04:13","modified_gmt":"2025-12-26T19:04:13","slug":"kvinna-ihjalkord-vid-sjukhus-bilforare-atalad","status":"publish","type":"post","link":"https:\/\/www.europesays.com\/se\/117767\/","title":{"rendered":"Kvinna ihj\u00e4lk\u00f6rd vid sjukhus \u2013 bilf\u00f6rare \u00e5talad"},"content":{"rendered":"<p>share-arrowDela<\/p>\n<p>unsaveSpara<\/p>\n<p>expand-left<\/p>\n<p>helsk\u00e4rm<img decoding=\"async\" class=\"image-asset hyperion-css-u06ts1\" data-test-tag=\"image-asset\" src=\"https:\/\/www.europesays.com\/se\/wp-content\/uploads\/2025\/12\/36e8ea48-e4e1-4d98-b82a-f07981b9680d\"  alt=\"En kvinna blev p\u00e5k\u00f6rd utanf\u00f6r Sahlgrenska universitetssjukhuset och avled senare. Arkivbild.\"  loading=\"eager\" fetchpriority=\"high\" style=\"aspect-ratio:1900 \/ 1266\"\/>En kvinna blev p\u00e5k\u00f6rd utanf\u00f6r Sahlgrenska universitetssjukhuset och avled senare. Arkivbild. Foto: Adam Ihse\/TT<\/p>\n<p class=\"hyperion-css-1shl3oz\" data-test-tag=\"lead-text\">En kvinna i 80-\u00e5rs\u00e5ldern blev p\u00e5k\u00f6rd vid Sahlgrenska universitetssjukhuset. Hon skadades s\u00e5 sv\u00e5rt att hon senare avled. Nu \u00e5talas bilf\u00f6raren.<\/p>\n<p class=\"hyperion-css-1v9qo5x\">Olyckan intr\u00e4ffade i maj. Kvinnan var p\u00e5 v\u00e4g f\u00f6r att bes\u00f6ka sin make som var inlagd p\u00e5 sjukhuset. Hon blev p\u00e5k\u00f6rd inne p\u00e5 sjukhusomr\u00e5det av en bil som backade p\u00e5 en enkelriktad gata, skriver G\u00f6teborgs-Posten.<\/p>\n<p class=\"hyperion-css-1v9qo5x\">Kvinnan avled efter en tid p\u00e5 sjukhus.<\/p>\n<p class=\"hyperion-css-1v9qo5x\">Bilf\u00f6raren, som \u00e4r i 40-\u00e5rs\u00e5ldern, \u00e5talas nu f\u00f6r v\u00e5llande till annans d\u00f6d och v\u00e5rdsl\u00f6shet i trafik.<\/p>\n<p class=\"hyperion-css-1v9qo5x\">\u2013 Min klient m\u00e5r mycket d\u00e5ligt \u00f6ver det som h\u00e4nt, men f\u00f6rnekar att han har agerat brottsligt, s\u00e4ger mannens advokat Bj\u00f6rn Hurtig till tidningen.<\/p>\n","protected":false},"excerpt":{"rendered":"share-arrowDela unsaveSpara expand-left helsk\u00e4rmEn kvinna blev p\u00e5k\u00f6rd utanf\u00f6r Sahlgrenska universitetssjukhuset och avled senare. Arkivbild. Foto: Adam Ihse\/TT En&hellip;\n","protected":false},"author":2,"featured_media":117768,"comment_status":"","ping_status":"","sticky":false,"template":"","format":"standard","meta":{"footnotes":""},"categories":[5],"tags":[22,23,26,27,17,21,24,25,28,29,15,16,18,34,31,33,32,30,19,20],"class_list":{"0":"post-117767","1":"post","2":"type-post","3":"status-publish","4":"format-standard","5":"has-post-thumbnail","7":"category-rubriker","8":"tag-breaking-news","9":"tag-breakingnews","10":"tag-featured-news","11":"tag-featurednews","12":"tag-headlines","13":"tag-huvudnyheter","14":"tag-latest-news","15":"tag-latestnews","16":"tag-main-news","17":"tag-mainnews","18":"tag-news","19":"tag-nyheter","20":"tag-rubriker","21":"tag-se","22":"tag-svenska","23":"tag-sverige","24":"tag-sweden","25":"tag-swedish","26":"tag-top-stories","27":"tag-topstories"},"share_on_mastodon":{"url":"https:\/\/pubeurope.com\/@se\/115787429753468241","error":""},"_links":{"self":[{"href":"https:\/\/www.europesays.com\/se\/wp-json\/wp\/v2\/posts\/117767","targetHints":{"allow":["GET"]}}],"collection":[{"href":"https:\/\/www.europesays.com\/se\/wp-json\/wp\/v2\/posts"}],"about":[{"href":"https:\/\/www.europesays.com\/se\/wp-json\/wp\/v2\/types\/post"}],"author":[{"embeddable":true,"href":"https:\/\/www.europesays.com\/se\/wp-json\/wp\/v2\/users\/2"}],"replies":[{"embeddable":true,"href":"https:\/\/www.europesays.com\/se\/wp-json\/wp\/v2\/comments?post=117767"}],"version-history":[{"count":0,"href":"https:\/\/www.europesays.com\/se\/wp-json\/wp\/v2\/posts\/117767\/revisions"}],"wp:featuredmedia":[{"embeddable":true,"href":"https:\/\/www.europesays.com\/se\/wp-json\/wp\/v2\/media\/117768"}],"wp:attachment":[{"href":"https:\/\/www.europesays.com\/se\/wp-json\/wp\/v2\/media?parent=117767"}],"wp:term":[{"taxonomy":"category","embeddable":true,"href":"https:\/\/www.europesays.com\/se\/wp-json\/wp\/v2\/categories?post=117767"},{"taxonomy":"post_tag","embeddable":true,"href":"https:\/\/www.europesays.com\/se\/wp-json\/wp\/v2\/tags?post=117767"}],"curies":[{"name":"wp","href":"https:\/\/api.w.org\/{rel}","templated":true}]}}