{"id":117770,"date":"2025-12-26T19:15:21","date_gmt":"2025-12-26T19:15:21","guid":{"rendered":"https:\/\/www.europesays.com\/se\/117770\/"},"modified":"2025-12-26T19:15:21","modified_gmt":"2025-12-26T19:15:21","slug":"titta-igen-har-ar-skadisen-du-missade-i-quantum-of-solace","status":"publish","type":"post","link":"https:\/\/www.europesays.com\/se\/117770\/","title":{"rendered":"Titta igen &#8211; h\u00e4r \u00e4r sk\u00e5disen du missade i &#8221;Quantum of Solace&#8221;"},"content":{"rendered":"<p>En sak jag gillar med James Bond-filmerna \u00e4r att de alltid t\u00e5l en omtitt, och det g\u00e4ller \u00e4ven de \u201ds\u00e4msta\u201d i serien. Varje 007-\u00e4ventyr \u00e4r sp\u00e4ckat med underh\u00e5llning och l\u00e5ter oss uppt\u00e4cka nya detaljer \u00e4ven efter flera \u00e5r.<\/p>\n<p>Sent ikv\u00e4ll visas <strong>\u201dQuantum of Solace\u201d<\/strong> p\u00e5 tv. Gudarna ska veta att filmen inte h\u00f6r till Daniel Craigs fr\u00e4msta. En Hollywood-strejk st\u00e4llde till det och regiss\u00f6ren Marc Forster beh\u00f6vde b\u00f6rja filma utan ett f\u00e4rdigt manus. Man fick helt enkelt hitta p\u00e5 en del scener under arbetets g\u00e5ng. Det resulterade i den kortaste Bond-filmen, och en av de mer otillfredsst\u00e4llande.<\/p>\n<p>Men en detalj kan vara kul att titta n\u00e4rmare p\u00e5 s\u00e5h\u00e4r i efterhand. I en liten roll som receptionist p\u00e5 hotellet Perla de las Dunas syns sk\u00e5despelerskan <strong>Oona Chaplin<\/strong>, blott 21 \u00e5r gammal n\u00e4r filmen spelades in.<\/p>\n<p><img loading=\"lazy\" height=\"432\" width=\"648\" class=\"wp-image-709459 sp-no-webp perfmatters-lazy\" alt=\"\" decoding=\"async\" src=\"https:\/\/www.europesays.com\/se\/wp-content\/uploads\/2025\/12\/oona-quantum-648x432.jpg\"  data-\/> <\/p>\n<p>Oona Chaplin \u00e4r dotter till sk\u00e5despelerskan Geraldine Chaplin, och barnbarn till stumfilmslegenden <strong>Charlie Chaplin<\/strong>. \u201dQuantum of Solace\u201d blev hennes f\u00f6rsta storfilm, \u00e4ven om rollen \u00e4r s\u00e5 liten att man kan blinka och missa den. (Och vi kan bara hoppas att hon \u00f6verlevde det dramatiska slutet.)<\/p>\n<p>Sedan dess kan du ha sett Chaplin som Talisa i \u201dGame of Thrones\u201d \u2013 men just nu \u00e4r hon bioaktuell i rollen som borde bli hennes stora genombrott. Det \u00e4r hon som gestaltar den of\u00f6rgl\u00f6mliga <strong>skurken Varang<\/strong> i bioaktuella \u201dAvatar: Fire and Ash\u201d. Mer om detta i MovieZines exklusiva <a href=\"https:\/\/www.moviezine.se\/nyheter\/avatar-stjarnan-oona-chaplin-min-morfar-charlie-inspirerar-mig-varje-dag\" rel=\"nofollow noopener\" target=\"_blank\">intervju med Oona Chaplin\u2026<\/a><\/p>\n<p><img loading=\"lazy\" height=\"432\" width=\"648\" class=\"wp-image-709460 sp-no-webp perfmatters-lazy\" alt=\"\" decoding=\"async\" src=\"https:\/\/www.europesays.com\/se\/wp-content\/uploads\/2025\/12\/oona-avatar-648x432.jpg\"  data-\/> <\/p>\n<p>Alla m\u00e5ste b\u00f6rja n\u00e5gonstans, och i Oona Chaplins fall blev den f\u00f6rsta filmrollen i en James Bond-film. Betyder det att hon kan kalla sig Bondbrud?<\/p>\n<p>\u201dQuantum of Solace\u201d visas<strong> ikv\u00e4ll (fredag) 22:00 p\u00e5 SVT1<\/strong>. Daniel Craigs alla Bond-filmer finns just nu ocks\u00e5 att streama p\u00e5 SVT Play.<\/p>\n<p>L\u00e4s ocks\u00e5: <a href=\"https:\/\/www.moviezine.se\/nyheter\/avatar-stjarnan-oona-chaplin-min-morfar-charlie-inspirerar-mig-varje-dag\" title=\"\u201dAvatar\u201d-stj\u00e4rnan Oona Chaplin: \u201dMin morfar Charlie inspirerar mig varje dag\u201d\" class=\"underline-custom !font-montserrat !font-bold !underline-offset-4 !decoration-4 !decoration-moviezine-green !text-md\" rel=\"nofollow noopener\" target=\"_blank\">\u201dAvatar\u201d-stj\u00e4rnan Oona Chaplin: \u201dMin morfar Charlie inspirerar mig varje dag\u201d<\/a><\/p>\n<p>L\u00e4s ocks\u00e5: <a href=\"https:\/\/www.moviezine.se\/nyheter\/svt-play-har-precis-lagt-till-11-nya-filmer-streama-5-spannande-bond-filmer\" title=\"Idag kommer ytterligare 5 James Bond-filmer in p\u00e5 SVT Play\" class=\"underline-custom !font-montserrat !font-bold !underline-offset-4 !decoration-4 !decoration-moviezine-green !text-md\" rel=\"nofollow noopener\" target=\"_blank\">Idag kommer ytterligare 5 James Bond-filmer in p\u00e5 SVT Play<\/a><\/p>\n","protected":false},"excerpt":{"rendered":"En sak jag gillar med James Bond-filmerna \u00e4r att de alltid t\u00e5l en omtitt, och det g\u00e4ller \u00e4ven&hellip;\n","protected":false},"author":2,"featured_media":117771,"comment_status":"","ping_status":"","sticky":false,"template":"","format":"standard","meta":{"footnotes":""},"categories":[67],"tags":[104,1199,34,31,33,32,30,2209,2768,105],"class_list":{"0":"post-117770","1":"post","2":"type-post","3":"status-publish","4":"format-standard","5":"has-post-thumbnail","7":"category-underhallning","8":"tag-entertainment","9":"tag-james-bond","10":"tag-se","11":"tag-svenska","12":"tag-sverige","13":"tag-sweden","14":"tag-swedish","15":"tag-trivia","16":"tag-tv-tips","17":"tag-underhallning"},"share_on_mastodon":{"url":"https:\/\/pubeurope.com\/@se\/115787473278021073","error":""},"_links":{"self":[{"href":"https:\/\/www.europesays.com\/se\/wp-json\/wp\/v2\/posts\/117770","targetHints":{"allow":["GET"]}}],"collection":[{"href":"https:\/\/www.europesays.com\/se\/wp-json\/wp\/v2\/posts"}],"about":[{"href":"https:\/\/www.europesays.com\/se\/wp-json\/wp\/v2\/types\/post"}],"author":[{"embeddable":true,"href":"https:\/\/www.europesays.com\/se\/wp-json\/wp\/v2\/users\/2"}],"replies":[{"embeddable":true,"href":"https:\/\/www.europesays.com\/se\/wp-json\/wp\/v2\/comments?post=117770"}],"version-history":[{"count":0,"href":"https:\/\/www.europesays.com\/se\/wp-json\/wp\/v2\/posts\/117770\/revisions"}],"wp:featuredmedia":[{"embeddable":true,"href":"https:\/\/www.europesays.com\/se\/wp-json\/wp\/v2\/media\/117771"}],"wp:attachment":[{"href":"https:\/\/www.europesays.com\/se\/wp-json\/wp\/v2\/media?parent=117770"}],"wp:term":[{"taxonomy":"category","embeddable":true,"href":"https:\/\/www.europesays.com\/se\/wp-json\/wp\/v2\/categories?post=117770"},{"taxonomy":"post_tag","embeddable":true,"href":"https:\/\/www.europesays.com\/se\/wp-json\/wp\/v2\/tags?post=117770"}],"curies":[{"name":"wp","href":"https:\/\/api.w.org\/{rel}","templated":true}]}}