{"id":117774,"date":"2025-12-26T19:19:16","date_gmt":"2025-12-26T19:19:16","guid":{"rendered":"https:\/\/www.europesays.com\/se\/117774\/"},"modified":"2025-12-26T19:19:16","modified_gmt":"2025-12-26T19:19:16","slug":"det-finns-fyra-olika-typer-av-autism","status":"publish","type":"post","link":"https:\/\/www.europesays.com\/se\/117774\/","title":{"rendered":"Det finns fyra olika typer av autism"},"content":{"rendered":"<p>\u2022 Bred p\u00e5verkan: Drabbar runt tio procent och ger st\u00f6rst sv\u00e5righeter, med f\u00f6rsenad utveckling, sv\u00e5righeter med kommunikation och social interaktion samt repetitiva beteenden som p\u00e5verkar vardagen.<\/p>\n<p>\u2022 Blandad autism med f\u00f6rsenad utveckling: Drabbar runt 19 procent. F\u00f6rsenad utveckling m\u00e4rks tidigt, men det finns f\u00e5 tecken p\u00e5 \u00e5ngest, depression eller beteenden som f\u00f6rsv\u00e5rar vardagen. Stora variationer i sociala och repetitiva beteenden.<\/p>\n<p>\u2022 Mellansv\u00e5ra utmaningar: Drabbar runt en tredjedel. Sv\u00e5righeter med kommunikation och social interaktion, samt repetitiva beteenden, men p\u00e5 mer subtila s\u00e4tt och utan f\u00f6rsenad utveckling.<\/p>\n<p>\u2022 Social och\/eller beteendem\u00e4ssig: Den st\u00f6rsta gruppen, runt 37 procent. Ingen f\u00f6rsenad utveckling, men ofta andra symptom eller diagnoser som ADHD, OCD, depression eller \u00e5ngest.<\/p>\n<p>K\u00e4lla: Nature Genetics\/Washington Post<\/p>\n","protected":false},"excerpt":{"rendered":"\u2022 Bred p\u00e5verkan: Drabbar runt tio procent och ger st\u00f6rst sv\u00e5righeter, med f\u00f6rsenad utveckling, sv\u00e5righeter med kommunikation och&hellip;\n","protected":false},"author":2,"featured_media":117775,"comment_status":"","ping_status":"","sticky":false,"template":"","format":"standard","meta":{"footnotes":""},"categories":[12],"tags":[22,23,26,27,332,17,21,24,25,28,29,15,16,18,34,31,33,32,30,19,20],"class_list":{"0":"post-117774","1":"post","2":"type-post","3":"status-publish","4":"format-standard","5":"has-post-thumbnail","7":"category-sverige","8":"tag-breaking-news","9":"tag-breakingnews","10":"tag-featured-news","11":"tag-featurednews","12":"tag-forskning-vetenskap","13":"tag-headlines","14":"tag-huvudnyheter","15":"tag-latest-news","16":"tag-latestnews","17":"tag-main-news","18":"tag-mainnews","19":"tag-news","20":"tag-nyheter","21":"tag-rubriker","22":"tag-se","23":"tag-svenska","24":"tag-sverige","25":"tag-sweden","26":"tag-swedish","27":"tag-top-stories","28":"tag-topstories"},"share_on_mastodon":{"url":"https:\/\/pubeurope.com\/@se\/115787488550603858","error":""},"_links":{"self":[{"href":"https:\/\/www.europesays.com\/se\/wp-json\/wp\/v2\/posts\/117774","targetHints":{"allow":["GET"]}}],"collection":[{"href":"https:\/\/www.europesays.com\/se\/wp-json\/wp\/v2\/posts"}],"about":[{"href":"https:\/\/www.europesays.com\/se\/wp-json\/wp\/v2\/types\/post"}],"author":[{"embeddable":true,"href":"https:\/\/www.europesays.com\/se\/wp-json\/wp\/v2\/users\/2"}],"replies":[{"embeddable":true,"href":"https:\/\/www.europesays.com\/se\/wp-json\/wp\/v2\/comments?post=117774"}],"version-history":[{"count":0,"href":"https:\/\/www.europesays.com\/se\/wp-json\/wp\/v2\/posts\/117774\/revisions"}],"wp:featuredmedia":[{"embeddable":true,"href":"https:\/\/www.europesays.com\/se\/wp-json\/wp\/v2\/media\/117775"}],"wp:attachment":[{"href":"https:\/\/www.europesays.com\/se\/wp-json\/wp\/v2\/media?parent=117774"}],"wp:term":[{"taxonomy":"category","embeddable":true,"href":"https:\/\/www.europesays.com\/se\/wp-json\/wp\/v2\/categories?post=117774"},{"taxonomy":"post_tag","embeddable":true,"href":"https:\/\/www.europesays.com\/se\/wp-json\/wp\/v2\/tags?post=117774"}],"curies":[{"name":"wp","href":"https:\/\/api.w.org\/{rel}","templated":true}]}}