{"id":117782,"date":"2025-12-26T19:28:10","date_gmt":"2025-12-26T19:28:10","guid":{"rendered":"https:\/\/www.europesays.com\/se\/117782\/"},"modified":"2025-12-26T19:28:10","modified_gmt":"2025-12-26T19:28:10","slug":"nionde-raka-segern-for-frolunda-shl","status":"publish","type":"post","link":"https:\/\/www.europesays.com\/se\/117782\/","title":{"rendered":"Nionde raka segern f\u00f6r Fr\u00f6lunda | SHL"},"content":{"rendered":"<p>Publicerad 26 dec 2025 kl 19.22Uppdaterad kl 20.25<\/p>\n<p>Omstart i SHL och tuff bortamatch mot tabelltrean. D\u00e5 visade Fr\u00f6lunda klassen och vann med 5-2, efter att ha tagit en 3-0-ledning.<\/p>\n<p>\u2013 Vi tar ledningen och kunde spela efter det. Vi m\u00f6ter ett bra lag, men vi st\u00e4nger ner dem, s\u00e4ger Theodor Niederbach i TV4.<\/p>\n<p><img   alt=\"\"\/> <\/p>\n<p>Foto: NICLAS J\u00d6NSSON \/ BILDBYR\u00c5N<\/p>\n<p>\u00d6ppna bild i helsk\u00e4rm<\/p>\n<p>Fr\u00f6lunda forts\u00e4tter g\u00e5 fram som en \u00e5ngv\u00e4lt i SHL. Under annandagen g\u00e4stade g\u00f6teborgarna R\u00f6gle. Och laget fick en dr\u00f6mstart. Med mindre \u00e4n tv\u00e5 minuters mellanrum i den f\u00f6rsta perioden gjorde laget b\u00e5de 1-0 och 2-0. R\u00f6gles tr\u00e4nare Dan Tangnes var allt annat \u00e4n n\u00f6jd med sitt lags insats.<\/p>\n<p>\u2013 Det r\u00e4cker inte att k\u00e4mpa h\u00e5rt. Vi blir skolade lite p\u00e5 vad som kr\u00e4vs f\u00f6r att vara med i toppen, s\u00e4ger R\u00f6gles tr\u00e4nare Dan Tangnes.<\/p>\n<p>I den andra perioden fortsatte Fr\u00f6lunda ha spel\u00f6vertaget och kunde g\u00e5 fram till 3-0 sedan Nicklas Lasu tryckt in pucken efter att f\u00f6rst ha snurrat upp hemmalagets Lubos Horky.\u00a0<\/p>\n<p>\u201dBrukar g\u00e5 bra n\u00e4r jag inte t\u00e4nker\u201d<\/p>\n<p>Innan perioden hann R\u00f6gle f\u00e5 in en reducering sedan just Horky tagit tillvara p\u00e5 en pass av Fredrik Olofsson.<\/p>\n<p>\u2013 Det brukar g\u00e5 bra n\u00e4r jag inte t\u00e4nker s\u00e5 mycket. Mina m\u00e5l \u00e4r antingen riktigt fula eller riktigt snygga, s\u00e4ger Lasu i TV4.<\/p>\n<p>I den tredje perioden gjorde stekhete Jere Innala 4-1 \u2013 Innala har nu gjort po\u00e4ng sju matcher i rad (5+4). Lubos Horkys andra m\u00e5l f\u00f6r kv\u00e4llen gav R\u00f6gle lite hopp, men Fr\u00f6lunda kunde h\u00e5lla undan och vinna efter att Filip Cederqvist fastst\u00e4llt slutresultatet i tom kasse.<\/p>\n","protected":false},"excerpt":{"rendered":"Publicerad 26 dec 2025 kl 19.22Uppdaterad kl 20.25 Omstart i SHL och tuff bortamatch mot tabelltrean. D\u00e5 visade&hellip;\n","protected":false},"author":2,"featured_media":117783,"comment_status":"","ping_status":"","sticky":false,"template":"","format":"standard","meta":{"footnotes":""},"categories":[5],"tags":[22,23,26,27,17,21,24,25,28,29,15,16,18,34,255,823,31,33,32,30,19,20],"class_list":{"0":"post-117782","1":"post","2":"type-post","3":"status-publish","4":"format-standard","5":"has-post-thumbnail","7":"category-rubriker","8":"tag-breaking-news","9":"tag-breakingnews","10":"tag-featured-news","11":"tag-featurednews","12":"tag-headlines","13":"tag-huvudnyheter","14":"tag-latest-news","15":"tag-latestnews","16":"tag-main-news","17":"tag-mainnews","18":"tag-news","19":"tag-nyheter","20":"tag-rubriker","21":"tag-se","22":"tag-sections-ishockey","23":"tag-sections-shl","24":"tag-svenska","25":"tag-sverige","26":"tag-sweden","27":"tag-swedish","28":"tag-top-stories","29":"tag-topstories"},"share_on_mastodon":{"url":"https:\/\/pubeurope.com\/@se\/115787523885933694","error":""},"_links":{"self":[{"href":"https:\/\/www.europesays.com\/se\/wp-json\/wp\/v2\/posts\/117782","targetHints":{"allow":["GET"]}}],"collection":[{"href":"https:\/\/www.europesays.com\/se\/wp-json\/wp\/v2\/posts"}],"about":[{"href":"https:\/\/www.europesays.com\/se\/wp-json\/wp\/v2\/types\/post"}],"author":[{"embeddable":true,"href":"https:\/\/www.europesays.com\/se\/wp-json\/wp\/v2\/users\/2"}],"replies":[{"embeddable":true,"href":"https:\/\/www.europesays.com\/se\/wp-json\/wp\/v2\/comments?post=117782"}],"version-history":[{"count":0,"href":"https:\/\/www.europesays.com\/se\/wp-json\/wp\/v2\/posts\/117782\/revisions"}],"wp:featuredmedia":[{"embeddable":true,"href":"https:\/\/www.europesays.com\/se\/wp-json\/wp\/v2\/media\/117783"}],"wp:attachment":[{"href":"https:\/\/www.europesays.com\/se\/wp-json\/wp\/v2\/media?parent=117782"}],"wp:term":[{"taxonomy":"category","embeddable":true,"href":"https:\/\/www.europesays.com\/se\/wp-json\/wp\/v2\/categories?post=117782"},{"taxonomy":"post_tag","embeddable":true,"href":"https:\/\/www.europesays.com\/se\/wp-json\/wp\/v2\/tags?post=117782"}],"curies":[{"name":"wp","href":"https:\/\/api.w.org\/{rel}","templated":true}]}}