{"id":117786,"date":"2025-12-26T19:31:09","date_gmt":"2025-12-26T19:31:09","guid":{"rendered":"https:\/\/www.europesays.com\/se\/117786\/"},"modified":"2025-12-26T19:31:09","modified_gmt":"2025-12-26T19:31:09","slug":"the-cure-gitarristen-perry-bamonte-ar-dod","status":"publish","type":"post","link":"https:\/\/www.europesays.com\/se\/117786\/","title":{"rendered":"\u201dThe Cure\u201d-gitarristen Perry Bamonte \u00e4r d\u00f6d"},"content":{"rendered":"<p>Publicerad 26 dec 2025 kl 20.20<\/p>\n<p>Gitarristen och keyboardisten Perry Bamonte \u00e4r d\u00f6d, skriver <a href=\"https:\/\/www.tmz.com\/2025\/12\/26\/the-cure-bandmember-perry-bamonte-dies\/\" rel=\"nofollow noopener\" target=\"_blank\">TMZ<\/a>.\u00a0<\/p>\n<p>Musikern blev 65 \u00e5r gammal.\u00a0<\/p>\n<p>Bamonte var del av det brittiska rockbandet \u201dThe Cure\u201d i 15 \u00e5rs tid.<\/p>\n<p><img   alt=\"\"\/><\/p>\n<p>\u201dThe Cure\u201d-gitarristen Perry Bamonte \u00e4r d\u00f6d.<\/p>\n<p>Foto: CHRIS PIZZELLO \/ AP<\/p>\n<p>\u00d6ppna bild i helsk\u00e4rm<img loading=\"lazy\"   alt=\"\"\/><\/p>\n<p>Perry Bamonte i mitten.<\/p>\n<p>Foto: INB \/ TT NYHETSBYR\u00c5N<\/p>\n<p>\u00d6ppna bild i helsk\u00e4rm<\/p>\n<p>I ett uttalande p\u00e5 sin officiella hemsida delar \u201dThe Cure\u201d den tragiska nyheten.\u00a0<\/p>\n<p>Perry Bamonte, tidigare gitarrist och keyboardist i bandet, har g\u00e5tt bort efter att ha insjuknat under julen.\u00a0<\/p>\n<p>Bamonte blev del av det brittiska rockbandet efter att Roger O&#8217;Donnell l\u00e4mnade bandet 1990. Av bandmedlemmarna beskrivs han som \u201dtystl\u00e5ten, intensiv, intuitiv, konstant och oerh\u00f6rt kreativ\u201d.<\/p>\n<p>Gitarristen l\u00e4mnade \u201dThe Cure\u201d 2005, men \u00e5terv\u00e4nde f\u00f6r att turnera med bandet 2022.<\/p>\n<p>Perry Bamonte blev 65 \u00e5r gammal.\u00a0<\/p>\n","protected":false},"excerpt":{"rendered":"Publicerad 26 dec 2025 kl 20.20 Gitarristen och keyboardisten Perry Bamonte \u00e4r d\u00f6d, skriver TMZ.\u00a0 Musikern blev 65&hellip;\n","protected":false},"author":2,"featured_media":117787,"comment_status":"","ping_status":"","sticky":false,"template":"","format":"standard","meta":{"footnotes":""},"categories":[67],"tags":[104,34,775,31,33,32,30,402,427,310,105],"class_list":{"0":"post-117786","1":"post","2":"type-post","3":"status-publish","4":"format-standard","5":"has-post-thumbnail","7":"category-underhallning","8":"tag-entertainment","9":"tag-se","10":"tag-sections-musik","11":"tag-svenska","12":"tag-sverige","13":"tag-sweden","14":"tag-swedish","15":"tag-topic-artister","16":"tag-topic-dodsfall","17":"tag-topic-kandisar","18":"tag-underhallning"},"share_on_mastodon":{"url":"https:\/\/pubeurope.com\/@se\/115787535705045581","error":""},"_links":{"self":[{"href":"https:\/\/www.europesays.com\/se\/wp-json\/wp\/v2\/posts\/117786","targetHints":{"allow":["GET"]}}],"collection":[{"href":"https:\/\/www.europesays.com\/se\/wp-json\/wp\/v2\/posts"}],"about":[{"href":"https:\/\/www.europesays.com\/se\/wp-json\/wp\/v2\/types\/post"}],"author":[{"embeddable":true,"href":"https:\/\/www.europesays.com\/se\/wp-json\/wp\/v2\/users\/2"}],"replies":[{"embeddable":true,"href":"https:\/\/www.europesays.com\/se\/wp-json\/wp\/v2\/comments?post=117786"}],"version-history":[{"count":0,"href":"https:\/\/www.europesays.com\/se\/wp-json\/wp\/v2\/posts\/117786\/revisions"}],"wp:featuredmedia":[{"embeddable":true,"href":"https:\/\/www.europesays.com\/se\/wp-json\/wp\/v2\/media\/117787"}],"wp:attachment":[{"href":"https:\/\/www.europesays.com\/se\/wp-json\/wp\/v2\/media?parent=117786"}],"wp:term":[{"taxonomy":"category","embeddable":true,"href":"https:\/\/www.europesays.com\/se\/wp-json\/wp\/v2\/categories?post=117786"},{"taxonomy":"post_tag","embeddable":true,"href":"https:\/\/www.europesays.com\/se\/wp-json\/wp\/v2\/tags?post=117786"}],"curies":[{"name":"wp","href":"https:\/\/api.w.org\/{rel}","templated":true}]}}