{"id":117806,"date":"2025-12-26T19:55:08","date_gmt":"2025-12-26T19:55:08","guid":{"rendered":"https:\/\/www.europesays.com\/se\/117806\/"},"modified":"2025-12-26T19:55:08","modified_gmt":"2025-12-26T19:55:08","slug":"the-cure-gitarristen-perry-bamonte-dod-blev-65-ar","status":"publish","type":"post","link":"https:\/\/www.europesays.com\/se\/117806\/","title":{"rendered":"The Cure-gitarristen Perry Bamonte d\u00f6d \u2013 blev 65 \u00e5r"},"content":{"rendered":"<p>The Cures gitarrist Perry Bamonte \u00e4r d\u00f6d, skriver bandet p\u00e5 sin hemsida. Han blev 65 \u00e5r.<\/p>\n<p>Bamonte var medlem fr\u00e5n 1990 till 2005, och \u00e5terv\u00e4nde sedan fr\u00e5n 2022 fram till sin d\u00f6d. Ut\u00f6ver gitarr spelade han keyboard och sexstr\u00e4ngad bas i bandet. Han medverkade p\u00e5 sju album och gjorde n\u00e4stan 500 konserter.<\/p>\n<p>\u201dV\u00e5ra tankar och kondoleanser g\u00e5r till hela hans familj. Vi kommer att sakna honom djupt\u201d, skriver bandkollegorna.<\/p>\n<p>Omni \u00e4r politiskt obundna och oberoende. Vi str\u00e4var efter att ge fler perspektiv p\u00e5 nyheterna. Har du fr\u00e5gor eller synpunkter kring v\u00e5r rapportering? <a href=\"https:\/\/omni.se\/the-cure-gitarristen-perry-bamonte-dod-blev-65-ar\/a\/mailto:redaktion@omni.se\" class=\"ArticleActions_contactLink__W2F1M\" rel=\"nofollow noopener\" target=\"_blank\">Kontakta redaktionen<\/a><\/p>\n","protected":false},"excerpt":{"rendered":"The Cures gitarrist Perry Bamonte \u00e4r d\u00f6d, skriver bandet p\u00e5 sin hemsida. Han blev 65 \u00e5r. Bamonte var&hellip;\n","protected":false},"author":2,"featured_media":117807,"comment_status":"","ping_status":"","sticky":false,"template":"","format":"standard","meta":{"footnotes":""},"categories":[67],"tags":[104,172,34,31,33,32,30,5182,105],"class_list":{"0":"post-117806","1":"post","2":"type-post","3":"status-publish","4":"format-standard","5":"has-post-thumbnail","7":"category-underhallning","8":"tag-entertainment","9":"tag-musik","10":"tag-se","11":"tag-svenska","12":"tag-sverige","13":"tag-sweden","14":"tag-swedish","15":"tag-the-cure","16":"tag-underhallning"},"share_on_mastodon":{"url":"https:\/\/pubeurope.com\/@se\/115787630433703657","error":""},"_links":{"self":[{"href":"https:\/\/www.europesays.com\/se\/wp-json\/wp\/v2\/posts\/117806","targetHints":{"allow":["GET"]}}],"collection":[{"href":"https:\/\/www.europesays.com\/se\/wp-json\/wp\/v2\/posts"}],"about":[{"href":"https:\/\/www.europesays.com\/se\/wp-json\/wp\/v2\/types\/post"}],"author":[{"embeddable":true,"href":"https:\/\/www.europesays.com\/se\/wp-json\/wp\/v2\/users\/2"}],"replies":[{"embeddable":true,"href":"https:\/\/www.europesays.com\/se\/wp-json\/wp\/v2\/comments?post=117806"}],"version-history":[{"count":0,"href":"https:\/\/www.europesays.com\/se\/wp-json\/wp\/v2\/posts\/117806\/revisions"}],"wp:featuredmedia":[{"embeddable":true,"href":"https:\/\/www.europesays.com\/se\/wp-json\/wp\/v2\/media\/117807"}],"wp:attachment":[{"href":"https:\/\/www.europesays.com\/se\/wp-json\/wp\/v2\/media?parent=117806"}],"wp:term":[{"taxonomy":"category","embeddable":true,"href":"https:\/\/www.europesays.com\/se\/wp-json\/wp\/v2\/categories?post=117806"},{"taxonomy":"post_tag","embeddable":true,"href":"https:\/\/www.europesays.com\/se\/wp-json\/wp\/v2\/tags?post=117806"}],"curies":[{"name":"wp","href":"https:\/\/api.w.org\/{rel}","templated":true}]}}