{"id":117816,"date":"2025-12-26T20:11:28","date_gmt":"2025-12-26T20:11:28","guid":{"rendered":"https:\/\/www.europesays.com\/se\/117816\/"},"modified":"2025-12-26T20:11:28","modified_gmt":"2025-12-26T20:11:28","slug":"sabrina-carpenter-such-a-funny-way","status":"publish","type":"post","link":"https:\/\/www.europesays.com\/se\/117816\/","title":{"rendered":"Sabrina Carpenter &#8211; Such a funny way"},"content":{"rendered":"<p>P\u00e5 sj\u00e4lvaste julafton sl\u00e4ppte <strong>Sabrina Carpenter<\/strong> en uppdaterad utg\u00e5va av albumet <strong>Man\u2019s Best Friend<\/strong>. Inte s\u00e5 att albumet drunknade i nya l\u00e5tar, utan vi fick en ny l\u00e5t. Men en ny l\u00e5t av Sabrina Carpenter \u00e4r ju tillr\u00e4ckligt f\u00f6r att man ska bli lycklig.  <\/p>\n<p><a href=\"https:\/\/music.apple.com\/profile\/popmuzik_se\" rel=\"nofollow noopener\" target=\"_blank\"><img decoding=\"async\" src=\"https:\/\/www.europesays.com\/se\/wp-content\/uploads\/2025\/11\/Banner-Apple-Music-2024.png\" alt=\"Apple Music\" class=\"lazyload\" style=\"--smush-placeholder-width: 1900px; --smush-placeholder-aspect-ratio: 1900\/1100;\"\/><\/a><\/p>\n<p>Den nya l\u00e5ten heter Such a funny way och fanns med som bonussp\u00e5r p\u00e5 den limiterade vinylutg\u00e5van av albumet, samt att den fanns tillg\u00e4nglig att ladda ner fr\u00e5n Sabrinas hemsida under ett dygn tidigare i h\u00f6stas. Men nu finns l\u00e5ten tillg\u00e4nglig f\u00f6r oss alla. <br \/>Such a funny way \u00e4r skriven av s\u00e5ngerskan tillsammans med <strong>Amy Allen<\/strong> och <strong>Jack Antonoff<\/strong> \u2013 som \u00e4ven producerat l\u00e5ten. <br \/>Om sl\u00e4ppet skriver Carpenter p\u00e5 sin Instagram: <\/p>\n<blockquote class=\"wp-block-quote is-layout-flow wp-block-quote-is-layout-flow\">\n<p>\u201dSuch a funny way \u00e4r en l\u00e5t jag \u00e4r s\u00e5 stolt \u00f6ver. K\u00e4nslan \u00e4r en som jag alltid trodde kunde vara slutet f\u00f6r Man\u2019s Best Friend i ett annat universum! Jag ville inte att du skulle v\u00e4nta f\u00f6r l\u00e4nge p\u00e5 att f\u00e5 den och l\u00e4ra k\u00e4nna den. Den finns nu tillg\u00e4nglig f\u00f6r digital nedladdning.\u201d<\/p>\n<\/blockquote>\n<p>L\u00e5ten i sig har en sylvass text om mannen som behandlar henne som luft och det hela slutar i att han har ett roligt s\u00e4tt att visa k\u00e4rlek. Sarkastiskt, sj\u00e4lvklart. Samtidigt \u00e4r det en lysande popl\u00e5t och jag \u00e4lskar hur l\u00e5ten f\u00f6r\u00e4ndras i mitten och k\u00e4nns v\u00e4ldigt mycket avslutningen av Chiquitita av <strong>ABBA<\/strong>. Men heck, om man jobbar med Antonoff f\u00e5r man ju ett geni i studion. <\/p>\n","protected":false},"excerpt":{"rendered":"P\u00e5 sj\u00e4lvaste julafton sl\u00e4ppte Sabrina Carpenter en uppdaterad utg\u00e5va av albumet Man\u2019s Best Friend. Inte s\u00e5 att albumet&hellip;\n","protected":false},"author":2,"featured_media":117817,"comment_status":"","ping_status":"","sticky":false,"template":"","format":"standard","meta":{"footnotes":""},"categories":[67],"tags":[104,34,31,33,32,30,105],"class_list":{"0":"post-117816","1":"post","2":"type-post","3":"status-publish","4":"format-standard","5":"has-post-thumbnail","7":"category-underhallning","8":"tag-entertainment","9":"tag-se","10":"tag-svenska","11":"tag-sverige","12":"tag-sweden","13":"tag-swedish","14":"tag-underhallning"},"share_on_mastodon":{"url":"https:\/\/pubeurope.com\/@se\/115787693151882575","error":""},"_links":{"self":[{"href":"https:\/\/www.europesays.com\/se\/wp-json\/wp\/v2\/posts\/117816","targetHints":{"allow":["GET"]}}],"collection":[{"href":"https:\/\/www.europesays.com\/se\/wp-json\/wp\/v2\/posts"}],"about":[{"href":"https:\/\/www.europesays.com\/se\/wp-json\/wp\/v2\/types\/post"}],"author":[{"embeddable":true,"href":"https:\/\/www.europesays.com\/se\/wp-json\/wp\/v2\/users\/2"}],"replies":[{"embeddable":true,"href":"https:\/\/www.europesays.com\/se\/wp-json\/wp\/v2\/comments?post=117816"}],"version-history":[{"count":0,"href":"https:\/\/www.europesays.com\/se\/wp-json\/wp\/v2\/posts\/117816\/revisions"}],"wp:featuredmedia":[{"embeddable":true,"href":"https:\/\/www.europesays.com\/se\/wp-json\/wp\/v2\/media\/117817"}],"wp:attachment":[{"href":"https:\/\/www.europesays.com\/se\/wp-json\/wp\/v2\/media?parent=117816"}],"wp:term":[{"taxonomy":"category","embeddable":true,"href":"https:\/\/www.europesays.com\/se\/wp-json\/wp\/v2\/categories?post=117816"},{"taxonomy":"post_tag","embeddable":true,"href":"https:\/\/www.europesays.com\/se\/wp-json\/wp\/v2\/tags?post=117816"}],"curies":[{"name":"wp","href":"https:\/\/api.w.org\/{rel}","templated":true}]}}