{"id":117818,"date":"2025-12-26T20:16:09","date_gmt":"2025-12-26T20:16:09","guid":{"rendered":"https:\/\/www.europesays.com\/se\/117818\/"},"modified":"2025-12-26T20:16:09","modified_gmt":"2025-12-26T20:16:09","slug":"lulea-vande-och-vann-mot-skelleftea-i-shl","status":"publish","type":"post","link":"https:\/\/www.europesays.com\/se\/117818\/","title":{"rendered":"Lule\u00e5 v\u00e4nde och vann mot Skellefte\u00e5 i SHL"},"content":{"rendered":"<p>Publicerad 26 dec 2025 kl 20.24Uppdaterad kl 21.08<\/p>\n<p>Lule\u00e5 tog en blytung seger i derbyt mot Skellefte\u00e5 \u2013 efter ett j\u00e4ttedrama n\u00e4r bortalaget kvitterade med 14 sekunder kvar. Sedan klev Oskari Laaksonen fram och avgjorde med en soloprestation.<\/p>\n<p>\u2013 Det k\u00e4nns superbra att vara tillbaka, s\u00e4ger matchhj\u00e4lten i TV4.<\/p>\n<p><img   alt=\"\"\/> <\/p>\n<p>Foto: SIMON ELIASSON \/ BILDBYR\u00c5N<\/p>\n<p>\u00d6ppna bild i helsk\u00e4rm<\/p>\n<p>Efter en v\u00e4ndning fr\u00e5n 0-1 till 2-1 p\u00e5 fyra minuter i den andra perioden skulle Lule\u00e5s Brendan Shinnimin bara skicka in pucken i det \u00f6ppna m\u00e5let och punktera matchen \u2013 d\u00e5 stack Skellefte\u00e5s Viktor Grahn fram sin klubba och r\u00e4ddade det givna m\u00e5let.\u00a0<\/p>\n<p>Med 14 sekunder kvar kvitterade Oliver Okuliar i st\u00e4llet, och tog matchen till f\u00f6rl\u00e4ngning.<\/p>\n<p>\u201dSuger att vi inte fick tre po\u00e4ng\u201d<\/p>\n<p>D\u00e5 klev Lule\u00e5s nyf\u00f6rv\u00e4rv Oskari Laaksonen fram och avgjorde med en soloprestation.\u00a0<\/p>\n<p>\u2013 Det suger att vi inte fick tre po\u00e4ng, men en vinst \u00e4r en vinst. Vi hade ett litet uppsatt spel. Jag \u00e5kte lite fel v\u00e4g egentligen, men det gick bra, s\u00e4ger han. s\u00e4ger matchvinnaren i TV4.<\/p>\n<p>M\u00e5let var Laaksonens f\u00f6rsta sedan \u00e5terkomsten i Lule\u00e5,. Och guldhj\u00e4lten fr\u00e5n i fjol \u00e4r n\u00f6jd med att vara tillbaka.<\/p>\n<p>\u2013 Det k\u00e4nns superbra att vara tillbaka, jag \u00e4lskar att vara h\u00e4r.<\/p>\n","protected":false},"excerpt":{"rendered":"Publicerad 26 dec 2025 kl 20.24Uppdaterad kl 21.08 Lule\u00e5 tog en blytung seger i derbyt mot Skellefte\u00e5 \u2013&hellip;\n","protected":false},"author":2,"featured_media":117819,"comment_status":"","ping_status":"","sticky":false,"template":"","format":"standard","meta":{"footnotes":""},"categories":[5],"tags":[22,23,26,27,17,21,24,25,28,29,15,16,1178,1894,18,34,255,823,31,33,32,30,19,20],"class_list":{"0":"post-117818","1":"post","2":"type-post","3":"status-publish","4":"format-standard","5":"has-post-thumbnail","7":"category-rubriker","8":"tag-breaking-news","9":"tag-breakingnews","10":"tag-featured-news","11":"tag-featurednews","12":"tag-headlines","13":"tag-huvudnyheter","14":"tag-latest-news","15":"tag-latestnews","16":"tag-main-news","17":"tag-mainnews","18":"tag-news","19":"tag-nyheter","20":"tag-organization-lulea-hockey","21":"tag-organization-skelleftea-aik","22":"tag-rubriker","23":"tag-se","24":"tag-sections-ishockey","25":"tag-sections-shl","26":"tag-svenska","27":"tag-sverige","28":"tag-sweden","29":"tag-swedish","30":"tag-top-stories","31":"tag-topstories"},"share_on_mastodon":{"url":"https:\/\/pubeurope.com\/@se\/115787712636171813","error":""},"_links":{"self":[{"href":"https:\/\/www.europesays.com\/se\/wp-json\/wp\/v2\/posts\/117818","targetHints":{"allow":["GET"]}}],"collection":[{"href":"https:\/\/www.europesays.com\/se\/wp-json\/wp\/v2\/posts"}],"about":[{"href":"https:\/\/www.europesays.com\/se\/wp-json\/wp\/v2\/types\/post"}],"author":[{"embeddable":true,"href":"https:\/\/www.europesays.com\/se\/wp-json\/wp\/v2\/users\/2"}],"replies":[{"embeddable":true,"href":"https:\/\/www.europesays.com\/se\/wp-json\/wp\/v2\/comments?post=117818"}],"version-history":[{"count":0,"href":"https:\/\/www.europesays.com\/se\/wp-json\/wp\/v2\/posts\/117818\/revisions"}],"wp:featuredmedia":[{"embeddable":true,"href":"https:\/\/www.europesays.com\/se\/wp-json\/wp\/v2\/media\/117819"}],"wp:attachment":[{"href":"https:\/\/www.europesays.com\/se\/wp-json\/wp\/v2\/media?parent=117818"}],"wp:term":[{"taxonomy":"category","embeddable":true,"href":"https:\/\/www.europesays.com\/se\/wp-json\/wp\/v2\/categories?post=117818"},{"taxonomy":"post_tag","embeddable":true,"href":"https:\/\/www.europesays.com\/se\/wp-json\/wp\/v2\/tags?post=117818"}],"curies":[{"name":"wp","href":"https:\/\/api.w.org\/{rel}","templated":true}]}}