{"id":117822,"date":"2025-12-26T20:19:09","date_gmt":"2025-12-26T20:19:09","guid":{"rendered":"https:\/\/www.europesays.com\/se\/117822\/"},"modified":"2025-12-26T20:19:09","modified_gmt":"2025-12-26T20:19:09","slug":"lisa-nilssons-vandning-infor-sa-mycket-battre-sa-nej-direkt","status":"publish","type":"post","link":"https:\/\/www.europesays.com\/se\/117822\/","title":{"rendered":"Lisa Nilssons v\u00e4ndning inf\u00f6r \u201dS\u00e5 mycket b\u00e4ttre\u201d: \u201dSa nej direkt\u201d"},"content":{"rendered":"<p>Publicerad 26 dec 2025 kl 21.05<\/p>\n<p>Lisa Nilsson tackade nej till att st\u00e4lla upp i \u201dS\u00e5 mycket b\u00e4ttre\u201d igen.\u00a0<\/p>\n<p>Men sen \u00e4ndrade hon sig.\u00a0<\/p>\n<p>\u2013 Det fanns inte en tum av privatliv som inte var i \u2013 mer eller mindre \u2013 fritt fall, s\u00e4ger Nilsson i \u201dS\u00e5 mycket b\u00e4ttre \u2013 15 \u00e5r\u201d.\u00a0<\/p>\n<p><img   alt=\"\"\/><\/p>\n<p>Lisa Nilsson i \u201dS\u00e5 mycket b\u00e4ttre \u2013 15 \u00e5r\u201d.<\/p>\n<p>Foto: TV4<\/p>\n<p>\u00d6ppna bild i helsk\u00e4rm<img loading=\"lazy\"   alt=\"\"\/><\/p>\n<p>Lisa Nilsson tolkar \u201d100\u201d av Ana Diaz.<\/p>\n<p>Foto: TV4<\/p>\n<p>\u00d6ppna bild i helsk\u00e4rm<\/p>\n<p>Det har g\u00e5tt 15 \u00e5r sedan \u201dS\u00e5 mycket b\u00e4ttre\u201d hade sin f\u00f6rsta s\u00e4song i TV4. I kanalens jubileumsprogram som s\u00e4nts under vintern minns deltagarna tillbaka p\u00e5 sina respektive s\u00e4songer.\u00a0<\/p>\n<p>En av de som har tv\u00e5 s\u00e4songer att se tillbaka p\u00e5 \u00e4r <a href=\"https:\/\/www.expressen.se\/tagg\/person\/lisa-nilsson\/\" class=\"\" rel=\"nofollow noopener\" target=\"_blank\">Lisa Nilsson<\/a>, som st\u00e4llde upp b\u00e5de 2015 och 2020. I kv\u00e4llens avsnitt ber\u00e4ttar artisten att hon f\u00f6rst tackade nej n\u00e4r hon blev tillfr\u00e5gad inf\u00f6r sin andra s\u00e4song.<\/p>\n<p>\u2013 Var det sj\u00e4lvklart att tacka ja till s\u00e4song elva \u00e5ret 2020? Nej. Det var inte sj\u00e4lvklart. Jag sa nej direkt f\u00f6rst.\u00a0<\/p>\n<p>Lisa Nilsson: Mitt privatliv var i fritt fall<\/p>\n<p>Lisa Nilsson minns tillbaka och konstaterar att hon fick fr\u00e5gan mitt i pandemin och att hon hade f\u00f6rlorat stor del av int\u00e4kterna fr\u00e5n musiken.\u00a0<\/p>\n<p>\u2013 Det var s\u00e5 mycket kris i livet, s\u00e4ger hon i \u201dS\u00e5 mycket b\u00e4ttre \u2013 15 \u00e5r\u201d.<\/p>\n<p>\u2013 Jag hade ett bygghaveri, jag blev bl\u00e5st p\u00e5 pengar. Allts\u00e5 det var&#8230; Det fanns inte en tum av privatliv som inte var i \u2013 mer eller mindre \u2013 fritt fall. \u201dHur fan ska jag g\u00f6ra? Det finns \u00e4nd\u00e5 lite pengar att tj\u00e4na p\u00e5 \u201dS\u00e5 mycket b\u00e4ttre\u201d\u201d, minns hon och skrattar.<\/p>\n<p>Insikten kring arvodet fick Lisa Nilsson att tacka ja, och i kv\u00e4llens program beskriver hon sin medverkan som \u201dv\u00e4lg\u00f6rande\u201d.\u00a0<\/p>\n","protected":false},"excerpt":{"rendered":"Publicerad 26 dec 2025 kl 21.05 Lisa Nilsson tackade nej till att st\u00e4lla upp i \u201dS\u00e5 mycket b\u00e4ttre\u201d&hellip;\n","protected":false},"author":2,"featured_media":117823,"comment_status":"","ping_status":"","sticky":false,"template":"","format":"standard","meta":{"footnotes":""},"categories":[67],"tags":[104,11752,384,1040,34,645,31,33,32,30,402,310,105],"class_list":{"0":"post-117822","1":"post","2":"type-post","3":"status-publish","4":"format-standard","5":"has-post-thumbnail","7":"category-underhallning","8":"tag-entertainment","9":"tag-organization-sa-mycket-battre","10":"tag-organization-tv4","11":"tag-person-lisa-nilsson","12":"tag-se","13":"tag-sections-tv","14":"tag-svenska","15":"tag-sverige","16":"tag-sweden","17":"tag-swedish","18":"tag-topic-artister","19":"tag-topic-kandisar","20":"tag-underhallning"},"share_on_mastodon":{"url":"https:\/\/pubeurope.com\/@se\/115787724471165481","error":""},"_links":{"self":[{"href":"https:\/\/www.europesays.com\/se\/wp-json\/wp\/v2\/posts\/117822","targetHints":{"allow":["GET"]}}],"collection":[{"href":"https:\/\/www.europesays.com\/se\/wp-json\/wp\/v2\/posts"}],"about":[{"href":"https:\/\/www.europesays.com\/se\/wp-json\/wp\/v2\/types\/post"}],"author":[{"embeddable":true,"href":"https:\/\/www.europesays.com\/se\/wp-json\/wp\/v2\/users\/2"}],"replies":[{"embeddable":true,"href":"https:\/\/www.europesays.com\/se\/wp-json\/wp\/v2\/comments?post=117822"}],"version-history":[{"count":0,"href":"https:\/\/www.europesays.com\/se\/wp-json\/wp\/v2\/posts\/117822\/revisions"}],"wp:featuredmedia":[{"embeddable":true,"href":"https:\/\/www.europesays.com\/se\/wp-json\/wp\/v2\/media\/117823"}],"wp:attachment":[{"href":"https:\/\/www.europesays.com\/se\/wp-json\/wp\/v2\/media?parent=117822"}],"wp:term":[{"taxonomy":"category","embeddable":true,"href":"https:\/\/www.europesays.com\/se\/wp-json\/wp\/v2\/categories?post=117822"},{"taxonomy":"post_tag","embeddable":true,"href":"https:\/\/www.europesays.com\/se\/wp-json\/wp\/v2\/tags?post=117822"}],"curies":[{"name":"wp","href":"https:\/\/api.w.org\/{rel}","templated":true}]}}