{"id":117830,"date":"2025-12-26T20:30:08","date_gmt":"2025-12-26T20:30:08","guid":{"rendered":"https:\/\/www.europesays.com\/se\/117830\/"},"modified":"2025-12-26T20:30:08","modified_gmt":"2025-12-26T20:30:08","slug":"kan-lata-gmail-anvandare-byta-adress","status":"publish","type":"post","link":"https:\/\/www.europesays.com\/se\/117830\/","title":{"rendered":"Kan l\u00e5ta Gmail-anv\u00e4ndare byta adress"},"content":{"rendered":"<p>Google har i dagarna rullat ut en funktion som l\u00e4nge efterfr\u00e5gats, skriver CNBC med h\u00e4nvisning till en uppdatering p\u00e5 supportsidorna. <\/p>\n<p>Anv\u00e4ndare \u2013 hittills endast de i Indien \u2013 till\u00e5ts nu att \u00e4ndra sin mejladress. Den gamla adressen ligger kvar som ett alias vilket inneb\u00e4r att mejl som skickas dit fortfarande n\u00e5r inkorgen. <\/p>\n<p>\u00c4ndringen g\u00f6r det m\u00f6jligt f\u00f6r Gmail-anv\u00e4ndare att \u00e4ndra sina mejladresser utan att f\u00f6rlora tillg\u00e5ng till tj\u00e4nster och viktig data. <\/p>\n<p>Omni \u00e4r politiskt obundna och oberoende. Vi str\u00e4var efter att ge fler perspektiv p\u00e5 nyheterna. Har du fr\u00e5gor eller synpunkter kring v\u00e5r rapportering? <a href=\"https:\/\/omni.se\/googles-julklapp-kan-lata-gmail-anvandare-byta-adress\/a\/mailto:redaktion@omni.se\" class=\"ArticleActions_contactLink__W2F1M\" rel=\"nofollow noopener\" target=\"_blank\">Kontakta redaktionen<\/a><\/p>\n","protected":false},"excerpt":{"rendered":"Google har i dagarna rullat ut en funktion som l\u00e4nge efterfr\u00e5gats, skriver CNBC med h\u00e4nvisning till en uppdatering&hellip;\n","protected":false},"author":2,"featured_media":117831,"comment_status":"","ping_status":"","sticky":false,"template":"","format":"standard","meta":{"footnotes":""},"categories":[65],"tags":[72,333,70,71,670,334,34,31,33,32,30],"class_list":{"0":"post-117830","1":"post","2":"type-post","3":"status-publish","4":"format-standard","5":"has-post-thumbnail","7":"category-ekonomi","8":"tag-business","9":"tag-data","10":"tag-economy","11":"tag-ekonomi","12":"tag-google","13":"tag-it-hogteknologi","14":"tag-se","15":"tag-svenska","16":"tag-sverige","17":"tag-sweden","18":"tag-swedish"},"share_on_mastodon":{"url":"https:\/\/pubeurope.com\/@se\/115787767952762986","error":""},"_links":{"self":[{"href":"https:\/\/www.europesays.com\/se\/wp-json\/wp\/v2\/posts\/117830","targetHints":{"allow":["GET"]}}],"collection":[{"href":"https:\/\/www.europesays.com\/se\/wp-json\/wp\/v2\/posts"}],"about":[{"href":"https:\/\/www.europesays.com\/se\/wp-json\/wp\/v2\/types\/post"}],"author":[{"embeddable":true,"href":"https:\/\/www.europesays.com\/se\/wp-json\/wp\/v2\/users\/2"}],"replies":[{"embeddable":true,"href":"https:\/\/www.europesays.com\/se\/wp-json\/wp\/v2\/comments?post=117830"}],"version-history":[{"count":0,"href":"https:\/\/www.europesays.com\/se\/wp-json\/wp\/v2\/posts\/117830\/revisions"}],"wp:featuredmedia":[{"embeddable":true,"href":"https:\/\/www.europesays.com\/se\/wp-json\/wp\/v2\/media\/117831"}],"wp:attachment":[{"href":"https:\/\/www.europesays.com\/se\/wp-json\/wp\/v2\/media?parent=117830"}],"wp:term":[{"taxonomy":"category","embeddable":true,"href":"https:\/\/www.europesays.com\/se\/wp-json\/wp\/v2\/categories?post=117830"},{"taxonomy":"post_tag","embeddable":true,"href":"https:\/\/www.europesays.com\/se\/wp-json\/wp\/v2\/tags?post=117830"}],"curies":[{"name":"wp","href":"https:\/\/api.w.org\/{rel}","templated":true}]}}