{"id":117832,"date":"2025-12-26T20:31:07","date_gmt":"2025-12-26T20:31:07","guid":{"rendered":"https:\/\/www.europesays.com\/se\/117832\/"},"modified":"2025-12-26T20:31:07","modified_gmt":"2025-12-26T20:31:07","slug":"danska-hotet-mot-trump-vi-koper-amerikanska-delstater","status":"publish","type":"post","link":"https:\/\/www.europesays.com\/se\/117832\/","title":{"rendered":"Danska hotet mot Trump: \u201dVi k\u00f6per amerikanska delstater\u201d"},"content":{"rendered":"<p>Publicerad 26 dec 2025 kl 21.15Uppdaterad kl 21.22<\/p>\n<p>USA vill ha danska Gr\u00f6nland.<br \/>D\u00e5 hotar Danmarks tidigare n\u00e4ringsminister att k\u00f6pa amerikanska delstater \u2013 nu n\u00e4r ekonomin i landet g\u00e5r bra.<\/p>\n<p>\u201dJag har alltid gillat New Hampshire\u201d, skriver riksdagsledamoten Rasmus Jarlov p\u00e5 <a href=\"https:\/\/x.com\/RasmusJarlov\/status\/2004197882493358226\" rel=\"nofollow\">X<\/a><a href=\"https:\/\/x.com\/RasmusJarlov\/status\/2004197882493358226\" rel=\"nofollow\">.<\/a><\/p>\n<p>Trump utlovar l\u00e5ga priser och en ny r\u00e4ntes\u00e4nkande Fed-chef.<img loading=\"lazy\"   alt=\"\"\/><\/p>\n<p>Donald Trump.<\/p>\n<p>Foto: ALEX BRANDON \/ AP TT NYHETSBYR\u00c5N<\/p>\n<p>\u00d6ppna bild i helsk\u00e4rm<img loading=\"lazy\"   alt=\"\"\/><\/p>\n<p>USA och Donald Trump har \u00e5terigen h\u00f6jt fr\u00e5gan om Gr\u00f6nland.<\/p>\n<p>Foto: AIMEE BOUCHET \/ BUREAU 233 \/ POLARIS POLARIS IMAGES<\/p>\n<p>\u00d6ppna bild i helsk\u00e4rm<img loading=\"lazy\"   alt=\"\"\/><\/p>\n<p>Men Danmark st\u00e5r emot \u2013 och \u00e4r redo att sj\u00e4lva \u00f6ppna pl\u00e5nboken.<\/p>\n<p>Foto: HENRIK DELFER<\/p>\n<p>\u00d6ppna bild i helsk\u00e4rmARTIKELN I KORTHET<\/p>\n<p>\u00a0USA vill ha Gr\u00f6nland f\u00f6r \u201dnationell s\u00e4kerhet\u201d.<\/p>\n<p> Danmark st\u00e5r emot \u2013 och skojar nu om att k\u00f6pa amerikanska delstater.<\/p>\n<p>\u00a0Detta eftersom dansk ekonomi g\u00e5r s\u00e5 pass bra.<\/p>\n<p>Visa mer<\/p>\n<p>USA och <a href=\"https:\/\/www.expressen.se\/tagg\/person\/donald-trump\/\" class=\"\" rel=\"nofollow noopener\" target=\"_blank\">Donald Trump<\/a> har \u00e5terigen tagit upp fr\u00e5gan om Gr\u00f6nland p\u00e5 dagordningen.<\/p>\n<p>Trump vill ha att den danska \u00f6n blir amerikansk \u2013 och har till och med utn\u00e4mnt Louisianas guvern\u00f6r Jeff Landry till \u00f6ns s\u00e4rskilda s\u00e4ndebud.<\/p>\n<p>Men Danmark st\u00e5r emot \u2013 och \u00e4r redo att sj\u00e4lva \u00f6ppna pl\u00e5nboken.<\/p>\n<p>\u201dDen nuvarande tillv\u00e4xttakten i Danmark \u00e4r hyfsad. Vi kommer snart att b\u00f6rja k\u00f6pa delstater i USA\u201d, skriver Danmarks tidigare n\u00e4ringsminister Rasmus Jarlov p\u00e5 <a href=\"https:\/\/x.com\/RasmusJarlov\/status\/2004197882493358226\" rel=\"nofollow\">X<\/a>.<\/p>\n<p>Bnp v\u00e4xte med 9,5 procent<\/p>\n<p>Danmark har de senaste \u00e5ren sett en stark tillv\u00e4xt, mycket tack vare Europas st\u00f6rsta f\u00f6retag Novo Nordisk, som \u00e4r danskt.<\/p>\n<p><a href=\"https:\/\/x.com\/MaMoMVPY\/status\/2003992646847771089\" rel=\"nofollow\">Enligt<\/a> ekonomen Lars Christensen v\u00e4xte Danmarks bnp med 9,5 procent mellan andra och fj\u00e4rde kvartalet i \u00e5r.<\/p>\n<p>Jarlov, som tillh\u00f6r det konservativa Folkepartiet, har tidigare arbetat p\u00e5 Novo Nordisk. Han har varit Danmarks n\u00e4ringsminister mellan 2018 och 2019 i Lars L\u00f8kke Rasmussens regering.<\/p>\n<p>\u201dJag har alltid gillat New Hampshire\u201d, skriver han sk\u00e4mtsamt, och lyfter \u00e4ven upp Kalifornien som ett alternativ.<\/p>\n<p>\u201dDe har en v\u00e4ldigt v\u00e4nlig guvern\u00f6r.\u201d<\/p>\n<p>Trump: Vi m\u00e5ste ha Gr\u00f6nland<\/p>\n<p>Trump b\u00f6rjade prata om Gr\u00f6nland redan under b\u00f6rjan av sin presidentperiod, men har \u00e5terigen sn\u00f6at in p\u00e5 den stora \u00f6n under december.<\/p>\n<p>S\u00e4ndebudet Landry, vars egen delstat Louisiana en g\u00e5ng k\u00f6ptes av USA fr\u00e5n Frankrike, ska verka f\u00f6r att Gr\u00f6nland ska bli amerikanskt.<\/p>\n<p>\u2013 Vi kommer inte \u201dg\u00e5 in d\u00e4r och f\u00f6rs\u00f6ka er\u00f6vra n\u00e5gon eller ta \u00f6ver n\u00e5got annat land\u201d, sa Landry till <a href=\"https:\/\/www.foxnews.com\/politics\/new-trump-envoy-says-us-wont-conquer-greenland-emphasizes-talks-locals-denmark-balks-move\" rel=\"nofollow noopener\" target=\"_blank\">Fox News<\/a> i veckan.<\/p>\n<p>Draget har r\u00f6rt upp ilska i det danska parlamentet, men ocks\u00e5 hos gr\u00f6nl\u00e4nningar.<\/p>\n<p>\u2013 Vi best\u00e4mmer v\u00e5r egen framtid. Gr\u00f6nland tillh\u00f6r gr\u00f6nl\u00e4ndarna, och den territoriella integriteten m\u00e5ste respekteras, s\u00e4ger Gr\u00f6nlands premi\u00e4rminister Jens-Frederik Nielsen till <a href=\"https:\/\/www.bbc.com\/news\/articles\/ckgmd132ge4o\" rel=\"nofollow noopener\" target=\"_blank\">BBC<\/a>.<\/p>\n<p><strong>L\u00c4S MER: <\/strong><a href=\"https:\/\/www.expressen.se\/nyheter\/varlden\/trumps-beslut-om-gronland-avgorande\/\" class=\"\" rel=\"nofollow noopener\" target=\"_blank\">Trumps beslut om Gr\u00f6nland \u2013 Danmark ryter ifr\u00e5n<\/a><strong>L\u00c4S MER: <\/strong><a href=\"https:\/\/www.expressen.se\/nyheter\/varlden\/dansk-game-of-thrones-taktik-mot-trump-om-gronland\/\" class=\"\" rel=\"nofollow noopener\" target=\"_blank\">Dansk \u201dGame of Thrones\u201d-taktik mot Trump \u2013 om Gr\u00f6nland<\/a><strong>L\u00c4S MER: <\/strong><a href=\"https:\/\/www.expressen.se\/nyheter\/varlden\/experten-om-trumps-nya-drag-knivhugg\/\" class=\"\" rel=\"nofollow noopener\" target=\"_blank\">Experten om Trumps nya drag: \u201dKnivhugg\u201d<\/a><\/p>\n","protected":false},"excerpt":{"rendered":"Publicerad 26 dec 2025 kl 21.15Uppdaterad kl 21.22 USA vill ha danska Gr\u00f6nland.D\u00e5 hotar Danmarks tidigare n\u00e4ringsminister att&hellip;\n","protected":false},"author":2,"featured_media":117833,"comment_status":"","ping_status":"","sticky":false,"template":"","format":"standard","meta":{"footnotes":""},"categories":[14],"tags":[22,23,26,27,17,21,24,25,3123,2034,28,29,15,16,198,18,34,55,31,33,32,30,19,204,20,51,52,53,54],"class_list":{"0":"post-117832","1":"post","2":"type-post","3":"status-publish","4":"format-standard","5":"has-post-thumbnail","7":"category-varlden","8":"tag-breaking-news","9":"tag-breakingnews","10":"tag-featured-news","11":"tag-featurednews","12":"tag-headlines","13":"tag-huvudnyheter","14":"tag-latest-news","15":"tag-latestnews","16":"tag-location-danmark","17":"tag-location-gronland","18":"tag-main-news","19":"tag-mainnews","20":"tag-news","21":"tag-nyheter","22":"tag-person-donald-trump","23":"tag-rubriker","24":"tag-se","25":"tag-sections-varlden","26":"tag-svenska","27":"tag-sverige","28":"tag-sweden","29":"tag-swedish","30":"tag-top-stories","31":"tag-topic-amerikansk-politik","32":"tag-topstories","33":"tag-varlden","34":"tag-world","35":"tag-world-news","36":"tag-worldnews"},"share_on_mastodon":{"url":"https:\/\/pubeurope.com\/@se\/115787771667029017","error":""},"_links":{"self":[{"href":"https:\/\/www.europesays.com\/se\/wp-json\/wp\/v2\/posts\/117832","targetHints":{"allow":["GET"]}}],"collection":[{"href":"https:\/\/www.europesays.com\/se\/wp-json\/wp\/v2\/posts"}],"about":[{"href":"https:\/\/www.europesays.com\/se\/wp-json\/wp\/v2\/types\/post"}],"author":[{"embeddable":true,"href":"https:\/\/www.europesays.com\/se\/wp-json\/wp\/v2\/users\/2"}],"replies":[{"embeddable":true,"href":"https:\/\/www.europesays.com\/se\/wp-json\/wp\/v2\/comments?post=117832"}],"version-history":[{"count":0,"href":"https:\/\/www.europesays.com\/se\/wp-json\/wp\/v2\/posts\/117832\/revisions"}],"wp:featuredmedia":[{"embeddable":true,"href":"https:\/\/www.europesays.com\/se\/wp-json\/wp\/v2\/media\/117833"}],"wp:attachment":[{"href":"https:\/\/www.europesays.com\/se\/wp-json\/wp\/v2\/media?parent=117832"}],"wp:term":[{"taxonomy":"category","embeddable":true,"href":"https:\/\/www.europesays.com\/se\/wp-json\/wp\/v2\/categories?post=117832"},{"taxonomy":"post_tag","embeddable":true,"href":"https:\/\/www.europesays.com\/se\/wp-json\/wp\/v2\/tags?post=117832"}],"curies":[{"name":"wp","href":"https:\/\/api.w.org\/{rel}","templated":true}]}}