{"id":117839,"date":"2025-12-26T20:46:08","date_gmt":"2025-12-26T20:46:08","guid":{"rendered":"https:\/\/www.europesays.com\/se\/117839\/"},"modified":"2025-12-26T20:46:08","modified_gmt":"2025-12-26T20:46:08","slug":"fjallkon-ar-pa-vag-att-forsvinna-helt","status":"publish","type":"post","link":"https:\/\/www.europesays.com\/se\/117839\/","title":{"rendered":"Fj\u00e4llkon \u00e4r p\u00e5 v\u00e4g att f\u00f6rsvinna helt"},"content":{"rendered":"<p>Den svenska fj\u00e4llkon \u00e4r p\u00e5 v\u00e4g att f\u00f6rsvinna helt, skriver bonden Robert Nilsson p\u00e5 SvD Debatt. Sedan 1999 har antalet mj\u00f6lkande fj\u00e4llkor minskat med 80 procent.<\/p>\n<p>\u201dFj\u00e4llrasen har unika egenskaper som beh\u00f6vs i ett motst\u00e5ndskraftigt jordbruk, speciellt i en krissituation\u201d, skriver han.<\/p>\n<p>Bland annat pekar han p\u00e5 att mj\u00f6lken \u00e4r unikt l\u00e4mpad att f\u00f6r\u00e4dlas, vilket ger h\u00f6g avkastning p\u00e5 bland annat ost, och att korna \u00e4r duktiga p\u00e5 att hitta f\u00f6da i betesfattigare milj\u00f6er som skog och utmark.<\/p>\n<p>Nilsson efterlyser h\u00f6gre ekonomiskt st\u00f6d till b\u00f6nder som har mj\u00f6lkande fj\u00e4llkor och godk\u00e4nda avelstjurar.<\/p>\n<p>Omni \u00e4r politiskt obundna och oberoende. Vi str\u00e4var efter att ge fler perspektiv p\u00e5 nyheterna. Har du fr\u00e5gor eller synpunkter kring v\u00e5r rapportering? <a href=\"https:\/\/omni.se\/bonde-fjallkon-ar-pa-vag-att-forsvinna-helt\/a\/mailto:redaktion@omni.se\" class=\"ArticleActions_contactLink__W2F1M\" rel=\"nofollow noopener\" target=\"_blank\">Kontakta redaktionen<\/a><\/p>\n","protected":false},"excerpt":{"rendered":"Den svenska fj\u00e4llkon \u00e4r p\u00e5 v\u00e4g att f\u00f6rsvinna helt, skriver bonden Robert Nilsson p\u00e5 SvD Debatt. Sedan 1999&hellip;\n","protected":false},"author":2,"featured_media":117840,"comment_status":"","ping_status":"","sticky":false,"template":"","format":"standard","meta":{"footnotes":""},"categories":[12],"tags":[22,23,445,415,26,27,17,21,705,24,25,28,29,15,16,18,34,820,31,33,32,30,19,20],"class_list":{"0":"post-117839","1":"post","2":"type-post","3":"status-publish","4":"format-standard","5":"has-post-thumbnail","7":"category-sverige","8":"tag-breaking-news","9":"tag-breakingnews","10":"tag-debatt","11":"tag-djur-natur","12":"tag-featured-news","13":"tag-featurednews","14":"tag-headlines","15":"tag-huvudnyheter","16":"tag-jordbruk","17":"tag-latest-news","18":"tag-latestnews","19":"tag-main-news","20":"tag-mainnews","21":"tag-news","22":"tag-nyheter","23":"tag-rubriker","24":"tag-se","25":"tag-skogsbruk-fiske","26":"tag-svenska","27":"tag-sverige","28":"tag-sweden","29":"tag-swedish","30":"tag-top-stories","31":"tag-topstories"},"share_on_mastodon":{"url":"https:\/\/pubeurope.com\/@se\/115787830650515323","error":""},"_links":{"self":[{"href":"https:\/\/www.europesays.com\/se\/wp-json\/wp\/v2\/posts\/117839","targetHints":{"allow":["GET"]}}],"collection":[{"href":"https:\/\/www.europesays.com\/se\/wp-json\/wp\/v2\/posts"}],"about":[{"href":"https:\/\/www.europesays.com\/se\/wp-json\/wp\/v2\/types\/post"}],"author":[{"embeddable":true,"href":"https:\/\/www.europesays.com\/se\/wp-json\/wp\/v2\/users\/2"}],"replies":[{"embeddable":true,"href":"https:\/\/www.europesays.com\/se\/wp-json\/wp\/v2\/comments?post=117839"}],"version-history":[{"count":0,"href":"https:\/\/www.europesays.com\/se\/wp-json\/wp\/v2\/posts\/117839\/revisions"}],"wp:featuredmedia":[{"embeddable":true,"href":"https:\/\/www.europesays.com\/se\/wp-json\/wp\/v2\/media\/117840"}],"wp:attachment":[{"href":"https:\/\/www.europesays.com\/se\/wp-json\/wp\/v2\/media?parent=117839"}],"wp:term":[{"taxonomy":"category","embeddable":true,"href":"https:\/\/www.europesays.com\/se\/wp-json\/wp\/v2\/categories?post=117839"},{"taxonomy":"post_tag","embeddable":true,"href":"https:\/\/www.europesays.com\/se\/wp-json\/wp\/v2\/tags?post=117839"}],"curies":[{"name":"wp","href":"https:\/\/api.w.org\/{rel}","templated":true}]}}