{"id":117841,"date":"2025-12-26T20:47:07","date_gmt":"2025-12-26T20:47:07","guid":{"rendered":"https:\/\/www.europesays.com\/se\/117841\/"},"modified":"2025-12-26T20:47:07","modified_gmt":"2025-12-26T20:47:07","slug":"gron-omstallning-forsenas-nar-usa-bunkrar-mineraler-till-vapenindustrin","status":"publish","type":"post","link":"https:\/\/www.europesays.com\/se\/117841\/","title":{"rendered":"Gr\u00f6n omst\u00e4llning f\u00f6rsenas n\u00e4r USA bunkrar mineraler till vapenindustrin"},"content":{"rendered":"<p>Kritiska mineraler som beh\u00f6vs i den gr\u00f6na energiomst\u00e4llningen l\u00e4ggs i\u202fst\u00e4llet p\u00e5 h\u00f6g av USA f\u00f6r att anv\u00e4ndas i framtida vapen. Det rapporterar Mother Jones, som skriver att effekten blir f\u00f6rsenade \u00e5tg\u00e4rder f\u00f6r att motverka den globala uppv\u00e4rmningen. <\/p>\n<p>Litium, kobolt, grafit och s\u00e4llsynta jordartsmetaller som hade kunnat anv\u00e4ndas i solpaneler, vindturbiner, eldrivna fordon och batterier k\u00f6ps i st\u00e4llet upp f\u00f6r att i framtiden anv\u00e4ndas i precisionsvapen och milit\u00e4ra kommunikationssystem, enligt en rapport fr\u00e5n Transition Security Project som refereras i The Guardian. <\/p>\n<p>\u00c4ven i andra delar av v\u00e4rlden tar en v\u00e4xande milit\u00e4rindustri resurser fr\u00e5n kampen mot klimatkrisen, enligt rapporten. <\/p>\n<p>Omni \u00e4r politiskt obundna och oberoende. Vi str\u00e4var efter att ge fler perspektiv p\u00e5 nyheterna. Har du fr\u00e5gor eller synpunkter kring v\u00e5r rapportering? <a href=\"https:\/\/omni.se\/gron-omstallning-forsenas-nar-usa-bunkrar-mineraler-till-vapenindustrin\/a\/mailto:redaktion@omni.se\" class=\"ArticleActions_contactLink__W2F1M\" rel=\"nofollow noopener\" target=\"_blank\">Kontakta redaktionen<\/a><\/p>\n","protected":false},"excerpt":{"rendered":"Kritiska mineraler som beh\u00f6vs i den gr\u00f6na energiomst\u00e4llningen l\u00e4ggs i\u202fst\u00e4llet p\u00e5 h\u00f6g av USA f\u00f6r att anv\u00e4ndas i&hellip;\n","protected":false},"author":2,"featured_media":117842,"comment_status":"","ping_status":"","sticky":false,"template":"","format":"standard","meta":{"footnotes":""},"categories":[5],"tags":[387,22,23,291,26,27,17,21,528,24,25,28,29,15,268,16,18,34,31,33,32,30,19,20,386,74],"class_list":{"0":"post-117841","1":"post","2":"type-post","3":"status-publish","4":"format-standard","5":"has-post-thumbnail","7":"category-rubriker","8":"tag-amerikansk-politik","9":"tag-breaking-news","10":"tag-breakingnews","11":"tag-energi-ravaror","12":"tag-featured-news","13":"tag-featurednews","14":"tag-headlines","15":"tag-huvudnyheter","16":"tag-klimat-miljo","17":"tag-latest-news","18":"tag-latestnews","19":"tag-main-news","20":"tag-mainnews","21":"tag-news","22":"tag-nordamerika","23":"tag-nyheter","24":"tag-rubriker","25":"tag-se","26":"tag-svenska","27":"tag-sverige","28":"tag-sweden","29":"tag-swedish","30":"tag-top-stories","31":"tag-topstories","32":"tag-trumps-usa","33":"tag-usa"},"share_on_mastodon":{"url":"https:\/\/pubeurope.com\/@se\/115787834569490370","error":""},"_links":{"self":[{"href":"https:\/\/www.europesays.com\/se\/wp-json\/wp\/v2\/posts\/117841","targetHints":{"allow":["GET"]}}],"collection":[{"href":"https:\/\/www.europesays.com\/se\/wp-json\/wp\/v2\/posts"}],"about":[{"href":"https:\/\/www.europesays.com\/se\/wp-json\/wp\/v2\/types\/post"}],"author":[{"embeddable":true,"href":"https:\/\/www.europesays.com\/se\/wp-json\/wp\/v2\/users\/2"}],"replies":[{"embeddable":true,"href":"https:\/\/www.europesays.com\/se\/wp-json\/wp\/v2\/comments?post=117841"}],"version-history":[{"count":0,"href":"https:\/\/www.europesays.com\/se\/wp-json\/wp\/v2\/posts\/117841\/revisions"}],"wp:featuredmedia":[{"embeddable":true,"href":"https:\/\/www.europesays.com\/se\/wp-json\/wp\/v2\/media\/117842"}],"wp:attachment":[{"href":"https:\/\/www.europesays.com\/se\/wp-json\/wp\/v2\/media?parent=117841"}],"wp:term":[{"taxonomy":"category","embeddable":true,"href":"https:\/\/www.europesays.com\/se\/wp-json\/wp\/v2\/categories?post=117841"},{"taxonomy":"post_tag","embeddable":true,"href":"https:\/\/www.europesays.com\/se\/wp-json\/wp\/v2\/tags?post=117841"}],"curies":[{"name":"wp","href":"https:\/\/api.w.org\/{rel}","templated":true}]}}