{"id":117855,"date":"2025-12-26T21:05:21","date_gmt":"2025-12-26T21:05:21","guid":{"rendered":"https:\/\/www.europesays.com\/se\/117855\/"},"modified":"2025-12-26T21:05:21","modified_gmt":"2025-12-26T21:05:21","slug":"timur-mindich-utpekad-i-miljardharva-i-ukraina-hittad-pa-strand","status":"publish","type":"post","link":"https:\/\/www.europesays.com\/se\/117855\/","title":{"rendered":"Timur Mindich utpekad i miljardh\u00e4rva i Ukraina \u2013 hittad p\u00e5 strand"},"content":{"rendered":"<p>En rad personer i Zelenskyjs innersta krets har dragits in i miljardskandalen i energibolaget Energoatom.\u00a0<\/p>\n<p>En av dem \u00e4r presidentens n\u00e4ra v\u00e4n och r\u00e5dgivare Timur Mindich, 46, som flydde landet innan misstankarna avsl\u00f6jades.\u00a0<\/p>\n<p>Ukrainska journalister hittade honom \u2013 under en strandpromenad utanf\u00f6r Tel Aviv, \u00a0<\/p>\n<p>Senaste klippen om kriget i Ukraina.<img   alt=\"\"\/><\/p>\n<p>Timur Mindich p\u00e5 strandpromenad utanf\u00f6r Tel Aviv.<\/p>\n<p>Foto: X<\/p>\n<p>\u00d6ppna bild i helsk\u00e4rm<img loading=\"lazy\"   alt=\"\"\/><\/p>\n<p>Timur Mindich p\u00e5 en \u00e4ldre bild.<\/p>\n<p>Foto: X<\/p>\n<p>\u00d6ppna bild i helsk\u00e4rm<img loading=\"lazy\"   alt=\"\"\/><\/p>\n<p>Timur Mindich \u00e4r n\u00e4ra v\u00e4n till Volodymyr Zelenskyj.<\/p>\n<p>Foto: WIDAK\/NURPHOTO\/SHUTTERSTOCK \/ SHUTTERSTOCK EDITORIAL\/IBL<\/p>\n<p>\u00d6ppna bild i helsk\u00e4rm<\/p>\n<p>Mannen har rakat huvud, b\u00e4r solglas\u00f6gon och syns avslappnat promenera p\u00e5 en strand i en exklusiv f\u00f6rort till Tel Aviv.\u00a0<\/p>\n<p>Han kan vara sv\u00e5r att k\u00e4nna igen fr\u00e5n tidigare bilder \u2013 men han stegar rakt fram till reportern fr\u00e5n <a href=\"https:\/\/www.pravda.com.ua\/rus\/articles\/2025\/12\/26\/8013421\/\" rel=\"nofollow noopener\" target=\"_blank\">Ukrainska Pravda<\/a>, skakar hand och bekr\u00e4ftar sin identitet \u2013 Timur Mindich.\u00a0<\/p>\n<p><img loading=\"lazy\"   alt=\"\"\/><\/p>\n<p>Det kan vara sv\u00e5rt att k\u00e4nna igen Timur Mindich p\u00e5 den nytagna bilden fr\u00e5n Israel.<\/p>\n<p>\u00d6ppna bild i helsk\u00e4rm<\/p>\n<p>Som utpekad huvudman i korruptionsskandalen i statliga Energoatom \u00e4r han bland annat efterlyst f\u00f6r grov korruption, penningtv\u00e4tt och mutbrott.\u00a0<\/p>\n<p>Han anv\u00e4nde sig av aliaset \u201dKarlson\u201d f\u00f6r att styra de sammansvurna, enligt chattar och avlyssningar som antikorruptionsbyr\u00e5n Nabu s\u00e4krat i utredningen.\u00a0<\/p>\n<p>Mindich: \u201dDe gjorde mig till syndabock\u201d<\/p>\n<p>Han \u00e4r \u00e4ven n\u00e4ra v\u00e4n, r\u00e5dgivare och tidigare aff\u00e4rspartner till <a href=\"https:\/\/www.expressen.se\/tagg\/person\/volodymyr-zelenskyj\/\" class=\"\" rel=\"nofollow noopener\" target=\"_blank\">Volodymyr Zelenskyj<\/a> och kunde fly Ukraina innan Nabu satte i g\u00e5ng med gripanden och razzior i b\u00f6rjan av november.\u00a0<\/p>\n<p>Nu lever han i Israel, d\u00e4r han ocks\u00e5 har medborgarskap.\u00a0<\/p>\n<p>N\u00e4r Ukrainska Pravda lyckas hitta honom under strandpromenaden vill han inte kommentera utredningen \u2013 utan beskyller i st\u00e4llet ukrainska medier f\u00f6r att ha skapat skandalen.\u00a0<\/p>\n<p>\u2013 De gjorde mig till syndabock, s\u00e4ger Mindich till <a href=\"https:\/\/www.pravda.com.ua\/rus\/news\/2025\/12\/26\/8013511\/\" rel=\"nofollow noopener\" target=\"_blank\">tidningen<\/a>.\u00a0<\/p>\n<p>Skandalen med mutor och penningtv\u00e4tt, som omfattar motsvarande cirka 1 miljard svenska kronor, har bland annat orsakat tv\u00e5 ministeravg\u00e5ngar och att Zelenskyj gett sin h\u00f6gra hand, stabschefen Andrij Jermak, sparken.\u00a0<\/p>\n<p><img alt=\"\"\/>Ljudklippet gick inte att spela upp<\/p>\n<p>F\u00f6rs\u00f6k igen senare<\/p>\n","protected":false},"excerpt":{"rendered":"En rad personer i Zelenskyjs innersta krets har dragits in i miljardskandalen i energibolaget Energoatom.\u00a0 En av dem&hellip;\n","protected":false},"author":2,"featured_media":117856,"comment_status":"","ping_status":"","sticky":false,"template":"","format":"standard","meta":{"footnotes":""},"categories":[5],"tags":[22,23,26,27,17,21,24,25,58,4734,202,28,29,15,276,16,906,18,34,55,31,33,32,30,19,205,7533,20],"class_list":{"0":"post-117855","1":"post","2":"type-post","3":"status-publish","4":"format-standard","5":"has-post-thumbnail","7":"category-rubriker","8":"tag-breaking-news","9":"tag-breakingnews","10":"tag-featured-news","11":"tag-featurednews","12":"tag-headlines","13":"tag-huvudnyheter","14":"tag-latest-news","15":"tag-latestnews","16":"tag-location-israel","17":"tag-location-tel-aviv","18":"tag-location-ukraina","19":"tag-main-news","20":"tag-mainnews","21":"tag-news","22":"tag-newsstory-kriget-i-ukraina","23":"tag-nyheter","24":"tag-person-volodymyr-zelenskyj","25":"tag-rubriker","26":"tag-se","27":"tag-sections-varlden","28":"tag-svenska","29":"tag-sverige","30":"tag-sweden","31":"tag-swedish","32":"tag-top-stories","33":"tag-topic-journalistik-medier","34":"tag-topic-muta-korruption","35":"tag-topstories"},"share_on_mastodon":{"url":"https:\/\/pubeurope.com\/@se\/115787905361116920","error":""},"_links":{"self":[{"href":"https:\/\/www.europesays.com\/se\/wp-json\/wp\/v2\/posts\/117855","targetHints":{"allow":["GET"]}}],"collection":[{"href":"https:\/\/www.europesays.com\/se\/wp-json\/wp\/v2\/posts"}],"about":[{"href":"https:\/\/www.europesays.com\/se\/wp-json\/wp\/v2\/types\/post"}],"author":[{"embeddable":true,"href":"https:\/\/www.europesays.com\/se\/wp-json\/wp\/v2\/users\/2"}],"replies":[{"embeddable":true,"href":"https:\/\/www.europesays.com\/se\/wp-json\/wp\/v2\/comments?post=117855"}],"version-history":[{"count":0,"href":"https:\/\/www.europesays.com\/se\/wp-json\/wp\/v2\/posts\/117855\/revisions"}],"wp:featuredmedia":[{"embeddable":true,"href":"https:\/\/www.europesays.com\/se\/wp-json\/wp\/v2\/media\/117856"}],"wp:attachment":[{"href":"https:\/\/www.europesays.com\/se\/wp-json\/wp\/v2\/media?parent=117855"}],"wp:term":[{"taxonomy":"category","embeddable":true,"href":"https:\/\/www.europesays.com\/se\/wp-json\/wp\/v2\/categories?post=117855"},{"taxonomy":"post_tag","embeddable":true,"href":"https:\/\/www.europesays.com\/se\/wp-json\/wp\/v2\/tags?post=117855"}],"curies":[{"name":"wp","href":"https:\/\/api.w.org\/{rel}","templated":true}]}}